{"id":556203,"date":"2025-09-24T04:00:00","date_gmt":"2025-09-24T02:00:00","guid":{"rendered":"https:\/\/klimavex.eu\/cz\/?p=556203"},"modified":"2025-09-11T14:49:06","modified_gmt":"2025-09-11T12:49:06","slug":"servisni-sit-hyundai-jistota-prace-jistota-podpory","status":"publish","type":"post","link":"https:\/\/klimavex.eu\/cz\/servisni-sit-hyundai-jistota-prace-jistota-podpory\/","title":{"rendered":"Servisn\u00ed s\u00ed\u0165 Hyundai \u2013 jistota pr\u00e1ce, jistota podpory"},"content":{"rendered":"\t\t<div data-elementor-type=\"wp-post\" data-elementor-id=\"556203\" class=\"elementor elementor-556203\" data-elementor-post-type=\"post\">\n\t\t\t\t<div class=\"wd-negative-gap elementor-element elementor-element-0bd5c7a e-flex e-con-boxed e-con e-parent\" data-id=\"0bd5c7a\" data-element_type=\"container\">\n\t\t\t\t\t<div class=\"e-con-inner\">\n\t\t<div class=\"elementor-element elementor-element-4cc8c4b e-con-full e-flex e-con e-child\" data-id=\"4cc8c4b\" data-element_type=\"container\">\n\t\t\t\t<div class=\"elementor-element elementor-element-f67ac64 elementor-widget elementor-widget-heading\" data-id=\"f67ac64\" data-element_type=\"widget\" data-widget_type=\"heading.default\">\n\t\t\t\t<div class=\"elementor-widget-container\">\n\t\t\t<h2 class=\"elementor-heading-title elementor-size-default\">Servisn\u00ed s\u00ed\u0165 Hyundai \u2013 jistota pr\u00e1ce, jistota podpory<\/h2>\t\t<\/div>\n\t\t\t\t<\/div>\n\t\t\t\t<div class=\"elementor-element elementor-element-94b39dd elementor-widget elementor-widget-wd_text_block\" data-id=\"94b39dd\" data-element_type=\"widget\" data-widget_type=\"wd_text_block.default\">\n\t\t\t\t<div class=\"elementor-widget-container\">\n\t\t\t\t\t<div class=\"wd-text-block reset-last-child text-left\">\n\t\t\t\n\t\t\t<p><strong>Spole\u010dnost KLIMAVEX<\/strong> jako v\u00fdhradn\u00ed distributor tepeln\u00fdch \u010derpadel Hyundai v \u010cesk\u00e9 republice a\u00a0na\u00a0Slovensku provozuje unik\u00e1tn\u00ed <strong>servisn\u00ed s\u00ed\u0165 Hyundai<\/strong>. Tento program je navr\u017een tak, aby servisn\u00edm a\u00a0obchodn\u00edm partner\u016fm nab\u00eddl <strong>stabiln\u00ed spolupr\u00e1ci, finan\u010dn\u00ed jistotu, p\u0159\u00edstup k\u00a0modern\u00edm n\u00e1stroj\u016fm a\u00a0u\u017eite\u010dn\u00e9 know-how<\/strong>, zat\u00edmco koncov\u00fdm z\u00e1kazn\u00edk\u016fm zajistil maxim\u00e1ln\u00ed komfort a bezstarostn\u00fd provoz zakoupen\u00e9ho za\u0159\u00edzen\u00ed.<\/p><p><strong><u>Pro koho je s\u00ed\u0165 ur\u010dena?<\/u><\/strong><\/p><ul><li>Pro <strong>instala\u010dn\u00ed a servisn\u00ed spole\u010dnosti<\/strong> s\u00a0prax\u00ed v\u00a0oblasti HVAC, zejm\u00e9na tepeln\u00fdch \u010derpadel.<\/li><li>Pro <strong>\u017eivnostn\u00edky a techniky<\/strong> s\u00a0relevantn\u00edmi opr\u00e1vn\u011bn\u00edmi a zku\u0161enostmi.<\/li><li>Pro <strong>profesion\u00e1ly<\/strong>, kte\u0159\u00ed cht\u011bj\u00ed roz\u0161\u00ed\u0159it sv\u00e9 portfolio o produkty glob\u00e1ln\u00edho l\u00eddra a z\u00edskat stabiln\u00ed partnerstv\u00ed s\u00a0garantovan\u00fdmi podm\u00ednkami.<\/li><\/ul>\n\t\t\t\t\t<\/div>\n\t\t\t\t<\/div>\n\t\t\t\t<\/div>\n\t\t\t\t<\/div>\n\t\t<div class=\"elementor-element elementor-element-89e8459 e-con-full e-flex e-con e-child\" data-id=\"89e8459\" data-element_type=\"container\">\n\t\t\t\t<div class=\"elementor-element elementor-element-0066bb0 elementor-widget elementor-widget-wd_image_or_svg\" data-id=\"0066bb0\" data-element_type=\"widget\" data-widget_type=\"wd_image_or_svg.default\">\n\t\t\t\t<div class=\"elementor-widget-container\">\n\t\t\t\n\t\t<div class=\"wd-image text-center\">\n\t\t\t\t\t\t\t\t<img fetchpriority=\"high\" decoding=\"async\" width=\"1024\" height=\"788\" src=\"https:\/\/klimavex.eu\/cz\/wp-content\/uploads\/2025\/09\/SS-Hyundai-1-1024x788.png\" class=\"attachment-large size-large\" alt=\"\" srcset=\"https:\/\/klimavex.eu\/cz\/wp-content\/uploads\/2025\/09\/SS-Hyundai-1-1024x788.png 1024w, https:\/\/klimavex.eu\/cz\/wp-content\/uploads\/2025\/09\/SS-Hyundai-1-300x231.png 300w, https:\/\/klimavex.eu\/cz\/wp-content\/uploads\/2025\/09\/SS-Hyundai-1-768x591.png 768w, https:\/\/klimavex.eu\/cz\/wp-content\/uploads\/2025\/09\/SS-Hyundai-1-20x15.png 20w, https:\/\/klimavex.eu\/cz\/wp-content\/uploads\/2025\/09\/SS-Hyundai-1-600x462.png 600w, https:\/\/klimavex.eu\/cz\/wp-content\/uploads\/2025\/09\/SS-Hyundai-1-150x115.png 150w, https:\/\/klimavex.eu\/cz\/wp-content\/uploads\/2025\/09\/SS-Hyundai-1.png 1300w\" sizes=\"(max-width: 1024px) 100vw, 1024px\" \/>\t\t\t\t\t<\/div>\n\n\t\t\t\t<\/div>\n\t\t\t\t<\/div>\n\t\t\t\t<\/div>\n\t\t\t\t\t<\/div>\n\t\t\t\t<\/div>\n\t\t<div class=\"wd-negative-gap elementor-element elementor-element-d71c6e2 e-flex e-con-boxed e-con e-parent\" data-id=\"d71c6e2\" data-element_type=\"container\">\n\t\t\t\t\t<div class=\"e-con-inner\">\n\t\t<div class=\"elementor-element elementor-element-58985c0 e-con-full e-flex e-con e-child\" data-id=\"58985c0\" data-element_type=\"container\">\n\t\t\t\t<div class=\"elementor-element elementor-element-9c6e301 elementor-widget-divider--view-line elementor-widget elementor-widget-divider\" data-id=\"9c6e301\" data-element_type=\"widget\" data-widget_type=\"divider.default\">\n\t\t\t\t<div class=\"elementor-widget-container\">\n\t\t\t\t\t<div class=\"elementor-divider\">\n\t\t\t<span class=\"elementor-divider-separator\">\n\t\t\t\t\t\t<\/span>\n\t\t<\/div>\n\t\t\t\t<\/div>\n\t\t\t\t<\/div>\n\t\t\t\t<div class=\"elementor-element elementor-element-002c6e2 elementor-widget elementor-widget-wd_image_or_svg\" data-id=\"002c6e2\" data-element_type=\"widget\" data-widget_type=\"wd_image_or_svg.default\">\n\t\t\t\t<div class=\"elementor-widget-container\">\n\t\t\t\n\t\t<div class=\"wd-image text-center\">\n\t\t\t\t\t\t\t\t<img decoding=\"async\" width=\"1024\" height=\"788\" src=\"https:\/\/klimavex.eu\/cz\/wp-content\/uploads\/2025\/09\/SS-Hyundai-2-1024x788.png\" class=\"attachment-large size-large\" alt=\"\" srcset=\"https:\/\/klimavex.eu\/cz\/wp-content\/uploads\/2025\/09\/SS-Hyundai-2-1024x788.png 1024w, https:\/\/klimavex.eu\/cz\/wp-content\/uploads\/2025\/09\/SS-Hyundai-2-300x231.png 300w, https:\/\/klimavex.eu\/cz\/wp-content\/uploads\/2025\/09\/SS-Hyundai-2-768x591.png 768w, https:\/\/klimavex.eu\/cz\/wp-content\/uploads\/2025\/09\/SS-Hyundai-2-20x15.png 20w, https:\/\/klimavex.eu\/cz\/wp-content\/uploads\/2025\/09\/SS-Hyundai-2-600x462.png 600w, https:\/\/klimavex.eu\/cz\/wp-content\/uploads\/2025\/09\/SS-Hyundai-2-150x115.png 150w, https:\/\/klimavex.eu\/cz\/wp-content\/uploads\/2025\/09\/SS-Hyundai-2.png 1300w\" sizes=\"(max-width: 1024px) 100vw, 1024px\" \/>\t\t\t\t\t<\/div>\n\n\t\t\t\t<\/div>\n\t\t\t\t<\/div>\n\t\t\t\t<\/div>\n\t\t<div class=\"elementor-element elementor-element-8584941 e-con-full e-flex e-con e-child\" data-id=\"8584941\" data-element_type=\"container\">\n\t\t\t\t<div class=\"elementor-element elementor-element-3f1dc56 elementor-widget-divider--view-line elementor-widget elementor-widget-divider\" data-id=\"3f1dc56\" data-element_type=\"widget\" data-widget_type=\"divider.default\">\n\t\t\t\t<div class=\"elementor-widget-container\">\n\t\t\t\t\t<div class=\"elementor-divider\">\n\t\t\t<span class=\"elementor-divider-separator\">\n\t\t\t\t\t\t<\/span>\n\t\t<\/div>\n\t\t\t\t<\/div>\n\t\t\t\t<\/div>\n\t\t\t\t<div class=\"elementor-element elementor-element-30fb0da elementor-widget elementor-widget-wd_text_block\" data-id=\"30fb0da\" data-element_type=\"widget\" data-widget_type=\"wd_text_block.default\">\n\t\t\t\t<div class=\"elementor-widget-container\">\n\t\t\t\t\t<div class=\"wd-text-block reset-last-child text-left\">\n\t\t\t\n\t\t\t<p><strong><u>Hlavn\u00ed<\/u><\/strong><u> <strong>v\u00fdhody<\/strong>:<\/u><\/p><ul><li><strong>5let\u00e1 z\u00e1ruka na tepeln\u00e1 \u010derpadla<\/strong><\/li><\/ul><p>Z\u00e1kladem spolupr\u00e1ce v\u00a0servisn\u00ed s\u00edti Hyundai je p\u0159evzet\u00ed pln\u00e9 <strong>odpov\u011bdnosti<\/strong> <strong>za<\/strong> <strong>5letou<\/strong> <strong>z\u00e1ruku na vybran\u00e1 tepeln\u00e1 \u010derpadla<\/strong> <strong>spole\u010dnost\u00ed<\/strong> <strong>KLIMAVEX<\/strong>.<\/p><p><strong>Servisn\u00ed partne\u0159i<\/strong> tak z\u00edsk\u00e1vaj\u00ed garanci \u00fahrady servisn\u00edch \u00fakon\u016f a oprav v\u00a0souladu s\u00a0podm\u00ednkami, zat\u00edmco <strong>obchodn\u00ed partne\u0159i<\/strong> profituj\u00ed z toho, \u017ee se mohou pln\u011b soust\u0159edit na svou obchodn\u00ed a instala\u010dn\u00ed \u010dinnost. O servisn\u00ed \u00fakony se za nich postaraj\u00ed odborn\u00edci ze servisn\u00ed s\u00edt\u011b. <strong>Koncov\u00ed z\u00e1kazn\u00edci<\/strong> se tak mohou spolehnout jak na profesion\u00e1ln\u00ed mont\u00e1\u017e, tak na rychl\u00fd a odborn\u00fd servisn\u00ed z\u00e1sah v\u00a0p\u0159\u00edpad\u011b nutnosti. V\u0161echny strany \u010derpaj\u00ed benefity ze <strong>zjednodu\u0161en\u00e9<\/strong> <strong>komunikace<\/strong> a <strong>snadn\u00e9ho vy\u0159izov\u00e1n\u00ed<\/strong> p\u0159\u00edpadn\u00fdch <strong>reklamac\u00ed<\/strong>.<\/p><ul><li><strong>HyServiceNet<\/strong><\/li><\/ul><p>Ve\u0161ker\u00e9 mont\u00e1\u017en\u00ed a servisn\u00ed \u00fakony jsou \u0159\u00edzeny a evidov\u00e1ny v\u00a0modern\u00edm IT syst\u00e9mu HyServiceNet. \u010clenov\u00e9 servisn\u00ed s\u00edt\u011b Hyundai zde naleznou <strong>p\u0159ehlednou<\/strong> <strong>datab\u00e1zi<\/strong> v\u0161ech instalovan\u00fdch tepeln\u00fdch \u010derpadel, jejich historii a prov\u00e1d\u011bn\u00e9 servisn\u00ed \u00fakony.<\/p><p>T\u00edmto syst\u00e9mem jsou \u0159\u00edzeny v\u0161echny <strong>servisn\u00ed po\u017eadavky<\/strong> a p\u0159id\u011blov\u00e1ny na jednotliv\u00e9 partnery s ohledem na lokalitu, typ z\u00e1vady a dostupnost n\u00e1hradn\u00edch d\u00edl\u016f v dan\u00e9 lokalit\u011b.<\/p><p>V neposledn\u00ed \u0159ad\u011b p\u0159in\u00e1\u0161\u00ed nov\u00e1 servisn\u00ed s\u00ed\u0165 tak\u00e9 komfort pro koncov\u00e9ho z\u00e1kazn\u00edka. Ten bude m\u00edt p\u0159\u00edstup k <strong>elektronick\u00e9 servisn\u00ed knize<\/strong> tepeln\u00e9ho \u010derpadla, kter\u00e1 bude dostupn\u00e1 ve <strong>webov\u00e9m rozhran\u00ed<\/strong>. Prost\u0159ednictv\u00edm n\u00ed si bude moct dohledat v\u0161echny d\u016fle\u017eit\u00e9 informace o autorizovan\u00e9m spu\u0161t\u011bn\u00ed, platnosti z\u00e1ruky a cel\u00e9 servisn\u00ed historii jeho za\u0159\u00edzen\u00ed. S c\u00edlem maxim\u00e1ln\u00edho pohodl\u00ed budeme do rozhran\u00ed integrovat tak\u00e9 mo\u017enost online objedn\u00e1vky a platby pravideln\u00e9ho servisu p\u0159es platebn\u00ed br\u00e1nu.<\/p><ul><li><strong>Technick\u00e1 podpora a kontinu\u00e1ln\u00ed vzd\u011bl\u00e1v\u00e1n\u00ed<\/strong><\/li><\/ul><p>Spole\u010dnost <strong>KLIMAVEX<\/strong>, garant servisn\u00ed s\u00edt\u011b Hyundai, disponuje <strong>technickou odbornost\u00ed a know-how<\/strong>, kterou je schopen distribuovat sv\u00fdm partner\u016fm ve form\u011b \u0161kolen\u00ed, dokumentace \u010di individu\u00e1ln\u00ed osobn\u00ed konzultace.<\/p><ul><li><strong>Rychl\u00e1 pomoc v nouzi<\/strong><\/li><\/ul><p>D\u00edky propojen\u00e9 servisn\u00ed s\u00edti Hyundai m\u00e1 koncov\u00fd z\u00e1kazn\u00edk v\u017edy zaji\u0161t\u011bnou <strong>rychlou<\/strong> <strong>pomoc<\/strong>.<br \/>Pokud mont\u00e1\u017en\u00edk, kter\u00fd instaloval jeho tepeln\u00e9 \u010derpadlo, nem\u00e1 volnou kapacitu \u010di relevantn\u00ed servisn\u00ed opr\u00e1vn\u011bn\u00ed, \u00fakol okam\u017eit\u011b p\u0159evezme jin\u00fd ov\u011b\u0159en\u00fd partner v s\u00edti. Oprava je tak u\u010din\u011bna <strong>bez<\/strong> <strong>zbyte\u010dn\u00fdch<\/strong> <strong>prodlev<\/strong> a v\u00fdsledkem je <strong>spokojen\u00fd<\/strong> <strong>z\u00e1kazn\u00edk<\/strong>, kter\u00fd v\u00ed, \u017ee se na zna\u010dku Hyundai m\u016f\u017ee spolehnout.<\/p>\n\t\t\t\t\t<\/div>\n\t\t\t\t<\/div>\n\t\t\t\t<\/div>\n\t\t\t\t<\/div>\n\t\t\t\t\t<\/div>\n\t\t\t\t<\/div>\n\t\t<div class=\"wd-negative-gap elementor-element elementor-element-a16a4a3 e-flex e-con-boxed e-con e-parent\" data-id=\"a16a4a3\" data-element_type=\"container\">\n\t\t\t\t\t<div class=\"e-con-inner\">\n\t\t\t\t<div class=\"elementor-element elementor-element-59dead8 elementor-widget-divider--view-line elementor-widget elementor-widget-divider\" data-id=\"59dead8\" data-element_type=\"widget\" data-widget_type=\"divider.default\">\n\t\t\t\t<div class=\"elementor-widget-container\">\n\t\t\t\t\t<div class=\"elementor-divider\">\n\t\t\t<span class=\"elementor-divider-separator\">\n\t\t\t\t\t\t<\/span>\n\t\t<\/div>\n\t\t\t\t<\/div>\n\t\t\t\t<\/div>\n\t\t\t\t<div class=\"elementor-element elementor-element-9ce7e55 elementor-widget elementor-widget-wd_text_block\" data-id=\"9ce7e55\" data-element_type=\"widget\" data-widget_type=\"wd_text_block.default\">\n\t\t\t\t<div class=\"elementor-widget-container\">\n\t\t\t\t\t<div class=\"wd-text-block reset-last-child text-left\">\n\t\t\t\n\t\t\t<p><strong><u>\u00darovn\u011b partnerstv\u00ed<\/u><\/strong><\/p><p>Servisn\u00ed s\u00ed\u0165 Hyundai rozd\u011bluje partnery do t\u0159\u00ed \u00farovn\u00ed podle rozsahu servisn\u00edch opr\u00e1vn\u011bn\u00ed a zapojen\u00ed do\u00a0s\u00edt\u011b.<\/p><ul><li><strong>Hyundai Elite Service Partner<\/strong><\/li><\/ul><p>Partnersk\u00e1 \u00farove\u0148 Hyundai Elite Service Partner p\u0159edstavuje <strong>nejvy\u0161\u0161\u00ed mo\u017enou spolupr\u00e1ci<\/strong> mezi servisn\u00ed firmou a zna\u010dkou Hyundai. Partne\u0159i t\u00e9to \u00farovn\u011b jsou opr\u00e1vn\u011bni k\u00a0<strong>vykon\u00e1v\u00e1n\u00ed autorizovan\u00e9ho spu\u0161t\u011bn\u00ed, pravideln\u00e9ho servisu a z\u00e1ru\u010dn\u00edch oprav <\/strong>pro <strong>v\u0161echna za\u0159\u00edzen\u00ed a v\u0161echny partnery<\/strong>.<\/p><ul><li><strong>Hyundai Profi Service Partner<\/strong><\/li><\/ul><p>Partnersk\u00e1 \u00farove\u0148 Hyundai Profi Service Partner p\u0159edstavuje <strong>pokro\u010dilou spolupr\u00e1ci<\/strong> mezi obchodn\u011b-servisn\u00ed firmou a zna\u010dkou Hyundai. Partne\u0159i t\u00e9to \u00farovn\u011b jsou opr\u00e1vn\u011bni k <strong>vykon\u00e1v\u00e1n\u00ed autorizovan\u00e9ho spu\u0161t\u011bn\u00ed, pravideln\u00e9ho servisu a z\u00e1ru\u010dn\u00edch oprav<\/strong> jen pro ta <strong>za\u0159\u00edzen\u00ed, kter\u00e1 sv\u00e9pomoc\u00ed instalovali sv\u00fdm z\u00e1kazn\u00edk\u016fm<\/strong>.<\/p><ul><li><strong>Hyundai Business Partner<\/strong><\/li><\/ul><p>Partnersk\u00e1 \u00farove\u0148 Hyundai Business Partner p\u0159edstavuje <strong>v\u00fdhodn\u00e9 partnerstv\u00ed<\/strong> mezi obchodn\u011b-instala\u010dn\u00ed firmou a zna\u010dkou Hyundai. Hlavn\u00edm zam\u011b\u0159en\u00edm t\u011bchto partner\u016f je <strong>prodej<\/strong> <strong>a<\/strong> <strong>mont\u00e1\u017e<\/strong> tepeln\u00fdch \u010derpadel. O servisn\u00ed \u00fakony se staraj\u00ed odborn\u00edci z\u00a0nejvy\u0161\u0161\u00ed \u00farovn\u011b servisn\u00ed s\u00edt\u011b. Ze sv\u00e9ho \u010dlenstv\u00ed v\u00a0servisn\u00ed s\u00edti benefituj\u00ed skute\u010dnost\u00ed, \u017ee jejich koncov\u00ed z\u00e1kazn\u00edci v\u017edy z\u00edskaj\u00ed <strong>rychl\u00fd a kvalitn\u00ed servis<\/strong> od certifikovan\u00fdch specialist\u016f. V p\u0159\u00edpad\u011b probl\u00e9mov\u00e9 instalace maj\u00ed nav\u00edc k dispozici <strong>profesion\u00e1ln\u00ed pomoc<\/strong> a technickou podporu, co\u017e jim umo\u017e\u0148uje pln\u011b se soust\u0159edit na obchod a mont\u00e1\u017e bez starost\u00ed o\u00a0n\u00e1slednou \u00fadr\u017ebu.<\/p><p><strong><u>Jak se st\u00e1t \u010dlenem servisn\u00ed s\u00edt\u011b Hyundai?<\/u><\/strong><\/p><ol><li><strong>Vyj\u00e1d\u0159ete sv\u016fj z\u00e1jem<\/strong><\/li><\/ol><p>Kontaktujte n\u00e1s, <a href=\"https:\/\/www.hyundai.eu.com\/b2b-partneri\"><strong>nap\u0159\u00edklad kliknut\u00edm zde<\/strong><\/a>, a dejte n\u00e1m v\u011bd\u011bt, \u017ee se chcete st\u00e1t sou\u010d\u00e1st\u00ed servisn\u00ed s\u00edt\u011b Hyundai.<\/p><ol start=\"2\"><li><strong>Osobn\u00ed setk\u00e1n\u00ed a p\u0159edstaven\u00ed koncepce<\/strong><\/li><\/ol><p>Na osobn\u00ed sch\u016fzce V\u00e1m podrobn\u011b p\u0159edstav\u00edme fungov\u00e1n\u00ed s\u00edt\u011b, v\u010detn\u011b smluvn\u00edch a finan\u010dn\u00edch podm\u00ednek spolupr\u00e1ce.<\/p><ol start=\"3\"><li><strong>Podpis partnersk\u00e9 smlouvy<\/strong><\/li><\/ol><p>Spole\u010dn\u011b si potvrd\u00edme Va\u0161e ofici\u00e1ln\u00ed zapojen\u00ed do servisn\u00ed s\u00edt\u011b Hyundai.<\/p><ol start=\"4\"><li><strong>Komplexn\u00ed onboarding a \u0161kolen\u00ed<\/strong><\/li><\/ol><p>Z\u00edsk\u00e1te p\u0159\u00edstup do HyServiceNet a projdete detailn\u00edm produktov\u00fdm a servisn\u00edm \u0161kolen\u00edm.<\/p>\n\t\t\t\t\t<\/div>\n\t\t\t\t<\/div>\n\t\t\t\t<\/div>\n\t\t\t\t<div class=\"elementor-element elementor-element-a7b8349 elementor-widget elementor-widget-wd_image_or_svg\" data-id=\"a7b8349\" data-element_type=\"widget\" data-widget_type=\"wd_image_or_svg.default\">\n\t\t\t\t<div class=\"elementor-widget-container\">\n\t\t\t\n\t\t<div class=\"wd-image text-center\">\n\t\t\t\t\t\t\t\t<img decoding=\"async\" width=\"768\" height=\"591\" src=\"https:\/\/klimavex.eu\/cz\/wp-content\/uploads\/2025\/09\/SS-Hyundai-3-768x591.png\" class=\"attachment-medium_large size-medium_large\" alt=\"\" srcset=\"https:\/\/klimavex.eu\/cz\/wp-content\/uploads\/2025\/09\/SS-Hyundai-3-768x591.png 768w, https:\/\/klimavex.eu\/cz\/wp-content\/uploads\/2025\/09\/SS-Hyundai-3-300x231.png 300w, https:\/\/klimavex.eu\/cz\/wp-content\/uploads\/2025\/09\/SS-Hyundai-3-1024x788.png 1024w, https:\/\/klimavex.eu\/cz\/wp-content\/uploads\/2025\/09\/SS-Hyundai-3-20x15.png 20w, https:\/\/klimavex.eu\/cz\/wp-content\/uploads\/2025\/09\/SS-Hyundai-3-600x462.png 600w, https:\/\/klimavex.eu\/cz\/wp-content\/uploads\/2025\/09\/SS-Hyundai-3-150x115.png 150w, https:\/\/klimavex.eu\/cz\/wp-content\/uploads\/2025\/09\/SS-Hyundai-3.png 1300w\" sizes=\"(max-width: 768px) 100vw, 768px\" \/>\t\t\t\t\t<\/div>\n\n\t\t\t\t<\/div>\n\t\t\t\t<\/div>\n\t\t\t\t\t<\/div>\n\t\t\t\t<\/div>\n\t\t\t\t<\/div>\n\t\t","protected":false},"excerpt":{"rendered":"<p>Servisn\u00ed s\u00ed\u0165 Hyundai \u2013 jistota pr\u00e1ce, jistota podpory Spole\u010dnost KLIMAVEX jako v\u00fdhradn\u00ed distributor tepeln\u00fdch \u010derpadel Hyundai v \u010cesk\u00e9 republice a\u00a0na\u00a0Slovensku<\/p>\n","protected":false},"author":3,"featured_media":556204,"comment_status":"open","ping_status":"closed","sticky":false,"template":"","format":"standard","meta":{"footnotes":""},"categories":[178,2697],"tags":[5499,5500],"class_list":["post-556203","post","type-post","status-publish","format-standard","has-post-thumbnail","hentry","category-novinky","category-tepelna-cerpadla","tag-novinky-blog","tag-tepelna-cerpadla-blog"],"yoast_head":"<!-- This site is optimized with the Yoast SEO plugin v23.9 - https:\/\/yoast.com\/wordpress\/plugins\/seo\/ -->\n<title>Servisn\u00ed s\u00ed\u0165 Hyundai \u2013 jistota pr\u00e1ce, jistota podpory - KLIMAVEX GROUP - \u010cesko<\/title>\n<meta name=\"description\" content=\"Servisn\u00ed s\u00ed\u0165 Hyundai je ur\u010dena k podpo\u0159e servisn\u00edch a obchodn\u00edch partner\u016f zna\u010dky. Mimo jin\u00e9 nab\u00edz\u00ed stabiln\u00ed spolupr\u00e1ci a know-how.\" \/>\n<meta name=\"robots\" content=\"index, follow, max-snippet:-1, max-image-preview:large, max-video-preview:-1\" \/>\n<link rel=\"canonical\" href=\"https:\/\/klimavex.eu\/cz\/servisni-sit-hyundai-jistota-prace-jistota-podpory\/\" \/>\n<meta property=\"og:locale\" content=\"cs_CZ\" \/>\n<meta property=\"og:type\" content=\"article\" \/>\n<meta property=\"og:title\" content=\"Servisn\u00ed s\u00ed\u0165 Hyundai \u2013 jistota pr\u00e1ce, jistota podpory - KLIMAVEX GROUP - \u010cesko\" \/>\n<meta property=\"og:description\" content=\"Servisn\u00ed s\u00ed\u0165 Hyundai je ur\u010dena k podpo\u0159e servisn\u00edch a obchodn\u00edch partner\u016f zna\u010dky. Mimo jin\u00e9 nab\u00edz\u00ed stabiln\u00ed spolupr\u00e1ci a know-how.\" \/>\n<meta property=\"og:url\" content=\"https:\/\/klimavex.eu\/cz\/servisni-sit-hyundai-jistota-prace-jistota-podpory\/\" \/>\n<meta property=\"og:site_name\" content=\"KLIMAVEX GROUP - \u010cesko\" \/>\n<meta property=\"article:publisher\" content=\"https:\/\/www.facebook.com\/klimavex.cz\" \/>\n<meta property=\"article:published_time\" content=\"2025-09-24T02:00:00+00:00\" \/>\n<meta property=\"article:modified_time\" content=\"2025-09-11T12:49:06+00:00\" \/>\n<meta property=\"og:image\" content=\"https:\/\/klimavex.eu\/cz\/wp-content\/uploads\/2025\/09\/SS-Hyundai-1-1024x788.png\" \/>\n\t<meta property=\"og:image:width\" content=\"1024\" \/>\n\t<meta property=\"og:image:height\" content=\"788\" \/>\n\t<meta property=\"og:image:type\" content=\"image\/png\" \/>\n<meta name=\"author\" content=\"Marketing KLIMAVEX\" \/>\n<meta name=\"twitter:card\" content=\"summary_large_image\" \/>\n<meta name=\"twitter:label1\" content=\"Napsal(a)\" \/>\n\t<meta name=\"twitter:data1\" content=\"Marketing KLIMAVEX\" \/>\n\t<meta name=\"twitter:label2\" content=\"Odhadovan\u00e1 doba \u010dten\u00ed\" \/>\n\t<meta name=\"twitter:data2\" content=\"5 minut\" \/>\n<script type=\"application\/ld+json\" class=\"yoast-schema-graph\">{\"@context\":\"https:\/\/schema.org\",\"@graph\":[{\"@type\":\"Article\",\"@id\":\"https:\/\/klimavex.eu\/cz\/servisni-sit-hyundai-jistota-prace-jistota-podpory\/#article\",\"isPartOf\":{\"@id\":\"https:\/\/klimavex.eu\/cz\/servisni-sit-hyundai-jistota-prace-jistota-podpory\/\"},\"author\":{\"name\":\"Marketing KLIMAVEX\",\"@id\":\"https:\/\/klimavex.eu\/cz\/#\/schema\/person\/3a6fb529fcf04fa733b5c32cbcfe0922\"},\"headline\":\"Servisn\u00ed s\u00ed\u0165 Hyundai \u2013 jistota pr\u00e1ce, jistota podpory\",\"datePublished\":\"2025-09-24T02:00:00+00:00\",\"dateModified\":\"2025-09-11T12:49:06+00:00\",\"mainEntityOfPage\":{\"@id\":\"https:\/\/klimavex.eu\/cz\/servisni-sit-hyundai-jistota-prace-jistota-podpory\/\"},\"wordCount\":966,\"commentCount\":0,\"publisher\":{\"@id\":\"https:\/\/klimavex.eu\/cz\/#organization\"},\"image\":{\"@id\":\"https:\/\/klimavex.eu\/cz\/servisni-sit-hyundai-jistota-prace-jistota-podpory\/#primaryimage\"},\"thumbnailUrl\":\"https:\/\/klimavex.eu\/cz\/wp-content\/uploads\/2025\/09\/SS-Hyundai-1.png\",\"keywords\":[\"Novinky - blog\",\"Tepeln\u00e1 \u010derpadla - blog\"],\"articleSection\":[\"Novinky\",\"Tepeln\u00e1 \u010derpadla\"],\"inLanguage\":\"cs\",\"potentialAction\":[{\"@type\":\"CommentAction\",\"name\":\"Comment\",\"target\":[\"https:\/\/klimavex.eu\/cz\/servisni-sit-hyundai-jistota-prace-jistota-podpory\/#respond\"]}]},{\"@type\":\"WebPage\",\"@id\":\"https:\/\/klimavex.eu\/cz\/servisni-sit-hyundai-jistota-prace-jistota-podpory\/\",\"url\":\"https:\/\/klimavex.eu\/cz\/servisni-sit-hyundai-jistota-prace-jistota-podpory\/\",\"name\":\"Servisn\u00ed s\u00ed\u0165 Hyundai \u2013 jistota pr\u00e1ce, jistota podpory - KLIMAVEX GROUP - \u010cesko\",\"isPartOf\":{\"@id\":\"https:\/\/klimavex.eu\/cz\/#website\"},\"primaryImageOfPage\":{\"@id\":\"https:\/\/klimavex.eu\/cz\/servisni-sit-hyundai-jistota-prace-jistota-podpory\/#primaryimage\"},\"image\":{\"@id\":\"https:\/\/klimavex.eu\/cz\/servisni-sit-hyundai-jistota-prace-jistota-podpory\/#primaryimage\"},\"thumbnailUrl\":\"https:\/\/klimavex.eu\/cz\/wp-content\/uploads\/2025\/09\/SS-Hyundai-1.png\",\"datePublished\":\"2025-09-24T02:00:00+00:00\",\"dateModified\":\"2025-09-11T12:49:06+00:00\",\"description\":\"Servisn\u00ed s\u00ed\u0165 Hyundai je ur\u010dena k podpo\u0159e servisn\u00edch a obchodn\u00edch partner\u016f zna\u010dky. Mimo jin\u00e9 nab\u00edz\u00ed stabiln\u00ed spolupr\u00e1ci a know-how.\",\"breadcrumb\":{\"@id\":\"https:\/\/klimavex.eu\/cz\/servisni-sit-hyundai-jistota-prace-jistota-podpory\/#breadcrumb\"},\"inLanguage\":\"cs\",\"potentialAction\":[{\"@type\":\"ReadAction\",\"target\":[\"https:\/\/klimavex.eu\/cz\/servisni-sit-hyundai-jistota-prace-jistota-podpory\/\"]}]},{\"@type\":\"ImageObject\",\"inLanguage\":\"cs\",\"@id\":\"https:\/\/klimavex.eu\/cz\/servisni-sit-hyundai-jistota-prace-jistota-podpory\/#primaryimage\",\"url\":\"https:\/\/klimavex.eu\/cz\/wp-content\/uploads\/2025\/09\/SS-Hyundai-1.png\",\"contentUrl\":\"https:\/\/klimavex.eu\/cz\/wp-content\/uploads\/2025\/09\/SS-Hyundai-1.png\",\"width\":1300,\"height\":1000},{\"@type\":\"BreadcrumbList\",\"@id\":\"https:\/\/klimavex.eu\/cz\/servisni-sit-hyundai-jistota-prace-jistota-podpory\/#breadcrumb\",\"itemListElement\":[{\"@type\":\"ListItem\",\"position\":1,\"name\":\"Domovsk\u00e1 str\u00e1nka\",\"item\":\"https:\/\/klimavex.eu\/cz\/\"},{\"@type\":\"ListItem\",\"position\":2,\"name\":\"Servisn\u00ed s\u00ed\u0165 Hyundai \u2013 jistota pr\u00e1ce, jistota podpory\"}]},{\"@type\":\"WebSite\",\"@id\":\"https:\/\/klimavex.eu\/cz\/#website\",\"url\":\"https:\/\/klimavex.eu\/cz\/\",\"name\":\"KLIMAVEX GROUP - \u010cesko\",\"description\":\"\",\"publisher\":{\"@id\":\"https:\/\/klimavex.eu\/cz\/#organization\"},\"alternateName\":\"KLIMAVEX CZ a.s.\",\"potentialAction\":[{\"@type\":\"SearchAction\",\"target\":{\"@type\":\"EntryPoint\",\"urlTemplate\":\"https:\/\/klimavex.eu\/cz\/?s={search_term_string}\"},\"query-input\":{\"@type\":\"PropertyValueSpecification\",\"valueRequired\":true,\"valueName\":\"search_term_string\"}}],\"inLanguage\":\"cs\"},{\"@type\":\"Organization\",\"@id\":\"https:\/\/klimavex.eu\/cz\/#organization\",\"name\":\"KLIMAVEX GROUP\",\"alternateName\":\"KLIMAVEX\",\"url\":\"https:\/\/klimavex.eu\/cz\/\",\"logo\":{\"@type\":\"ImageObject\",\"inLanguage\":\"cs\",\"@id\":\"https:\/\/klimavex.eu\/cz\/#\/schema\/logo\/image\/\",\"url\":\"https:\/\/klimavex.eu\/cz\/wp-content\/uploads\/2024\/04\/Klimavex-Group-logo.png\",\"contentUrl\":\"https:\/\/klimavex.eu\/cz\/wp-content\/uploads\/2024\/04\/Klimavex-Group-logo.png\",\"width\":1681,\"height\":472,\"caption\":\"KLIMAVEX GROUP\"},\"image\":{\"@id\":\"https:\/\/klimavex.eu\/cz\/#\/schema\/logo\/image\/\"},\"sameAs\":[\"https:\/\/www.facebook.com\/klimavex.cz\",\"https:\/\/www.instagram.com\/klimavex_cz\/\"]},{\"@type\":\"Person\",\"@id\":\"https:\/\/klimavex.eu\/cz\/#\/schema\/person\/3a6fb529fcf04fa733b5c32cbcfe0922\",\"name\":\"Marketing KLIMAVEX\",\"image\":{\"@type\":\"ImageObject\",\"inLanguage\":\"cs\",\"@id\":\"https:\/\/klimavex.eu\/cz\/#\/schema\/person\/image\/\",\"url\":\"https:\/\/secure.gravatar.com\/avatar\/2cc1346e28b0694ade418b5d722c3b0c?s=96&d=mm&r=g\",\"contentUrl\":\"https:\/\/secure.gravatar.com\/avatar\/2cc1346e28b0694ade418b5d722c3b0c?s=96&d=mm&r=g\",\"caption\":\"Marketing KLIMAVEX\"},\"url\":\"https:\/\/klimavex.eu\/cz\/author\/marketing\/\"}]}<\/script>\n<!-- \/ Yoast SEO plugin. -->","yoast_head_json":{"title":"Servisn\u00ed s\u00ed\u0165 Hyundai \u2013 jistota pr\u00e1ce, jistota podpory - KLIMAVEX GROUP - \u010cesko","description":"Servisn\u00ed s\u00ed\u0165 Hyundai je ur\u010dena k podpo\u0159e servisn\u00edch a obchodn\u00edch partner\u016f zna\u010dky. Mimo jin\u00e9 nab\u00edz\u00ed stabiln\u00ed spolupr\u00e1ci a know-how.","robots":{"index":"index","follow":"follow","max-snippet":"max-snippet:-1","max-image-preview":"max-image-preview:large","max-video-preview":"max-video-preview:-1"},"canonical":"https:\/\/klimavex.eu\/cz\/servisni-sit-hyundai-jistota-prace-jistota-podpory\/","og_locale":"cs_CZ","og_type":"article","og_title":"Servisn\u00ed s\u00ed\u0165 Hyundai \u2013 jistota pr\u00e1ce, jistota podpory - KLIMAVEX GROUP - \u010cesko","og_description":"Servisn\u00ed s\u00ed\u0165 Hyundai je ur\u010dena k podpo\u0159e servisn\u00edch a obchodn\u00edch partner\u016f zna\u010dky. Mimo jin\u00e9 nab\u00edz\u00ed stabiln\u00ed spolupr\u00e1ci a know-how.","og_url":"https:\/\/klimavex.eu\/cz\/servisni-sit-hyundai-jistota-prace-jistota-podpory\/","og_site_name":"KLIMAVEX GROUP - \u010cesko","article_publisher":"https:\/\/www.facebook.com\/klimavex.cz","article_published_time":"2025-09-24T02:00:00+00:00","article_modified_time":"2025-09-11T12:49:06+00:00","og_image":[{"width":1024,"height":788,"url":"https:\/\/klimavex.eu\/cz\/wp-content\/uploads\/2025\/09\/SS-Hyundai-1-1024x788.png","type":"image\/png"}],"author":"Marketing KLIMAVEX","twitter_card":"summary_large_image","twitter_misc":{"Napsal(a)":"Marketing KLIMAVEX","Odhadovan\u00e1 doba \u010dten\u00ed":"5 minut"},"schema":{"@context":"https:\/\/schema.org","@graph":[{"@type":"Article","@id":"https:\/\/klimavex.eu\/cz\/servisni-sit-hyundai-jistota-prace-jistota-podpory\/#article","isPartOf":{"@id":"https:\/\/klimavex.eu\/cz\/servisni-sit-hyundai-jistota-prace-jistota-podpory\/"},"author":{"name":"Marketing KLIMAVEX","@id":"https:\/\/klimavex.eu\/cz\/#\/schema\/person\/3a6fb529fcf04fa733b5c32cbcfe0922"},"headline":"Servisn\u00ed s\u00ed\u0165 Hyundai \u2013 jistota pr\u00e1ce, jistota podpory","datePublished":"2025-09-24T02:00:00+00:00","dateModified":"2025-09-11T12:49:06+00:00","mainEntityOfPage":{"@id":"https:\/\/klimavex.eu\/cz\/servisni-sit-hyundai-jistota-prace-jistota-podpory\/"},"wordCount":966,"commentCount":0,"publisher":{"@id":"https:\/\/klimavex.eu\/cz\/#organization"},"image":{"@id":"https:\/\/klimavex.eu\/cz\/servisni-sit-hyundai-jistota-prace-jistota-podpory\/#primaryimage"},"thumbnailUrl":"https:\/\/klimavex.eu\/cz\/wp-content\/uploads\/2025\/09\/SS-Hyundai-1.png","keywords":["Novinky - blog","Tepeln\u00e1 \u010derpadla - blog"],"articleSection":["Novinky","Tepeln\u00e1 \u010derpadla"],"inLanguage":"cs","potentialAction":[{"@type":"CommentAction","name":"Comment","target":["https:\/\/klimavex.eu\/cz\/servisni-sit-hyundai-jistota-prace-jistota-podpory\/#respond"]}]},{"@type":"WebPage","@id":"https:\/\/klimavex.eu\/cz\/servisni-sit-hyundai-jistota-prace-jistota-podpory\/","url":"https:\/\/klimavex.eu\/cz\/servisni-sit-hyundai-jistota-prace-jistota-podpory\/","name":"Servisn\u00ed s\u00ed\u0165 Hyundai \u2013 jistota pr\u00e1ce, jistota podpory - KLIMAVEX GROUP - \u010cesko","isPartOf":{"@id":"https:\/\/klimavex.eu\/cz\/#website"},"primaryImageOfPage":{"@id":"https:\/\/klimavex.eu\/cz\/servisni-sit-hyundai-jistota-prace-jistota-podpory\/#primaryimage"},"image":{"@id":"https:\/\/klimavex.eu\/cz\/servisni-sit-hyundai-jistota-prace-jistota-podpory\/#primaryimage"},"thumbnailUrl":"https:\/\/klimavex.eu\/cz\/wp-content\/uploads\/2025\/09\/SS-Hyundai-1.png","datePublished":"2025-09-24T02:00:00+00:00","dateModified":"2025-09-11T12:49:06+00:00","description":"Servisn\u00ed s\u00ed\u0165 Hyundai je ur\u010dena k podpo\u0159e servisn\u00edch a obchodn\u00edch partner\u016f zna\u010dky. Mimo jin\u00e9 nab\u00edz\u00ed stabiln\u00ed spolupr\u00e1ci a know-how.","breadcrumb":{"@id":"https:\/\/klimavex.eu\/cz\/servisni-sit-hyundai-jistota-prace-jistota-podpory\/#breadcrumb"},"inLanguage":"cs","potentialAction":[{"@type":"ReadAction","target":["https:\/\/klimavex.eu\/cz\/servisni-sit-hyundai-jistota-prace-jistota-podpory\/"]}]},{"@type":"ImageObject","inLanguage":"cs","@id":"https:\/\/klimavex.eu\/cz\/servisni-sit-hyundai-jistota-prace-jistota-podpory\/#primaryimage","url":"https:\/\/klimavex.eu\/cz\/wp-content\/uploads\/2025\/09\/SS-Hyundai-1.png","contentUrl":"https:\/\/klimavex.eu\/cz\/wp-content\/uploads\/2025\/09\/SS-Hyundai-1.png","width":1300,"height":1000},{"@type":"BreadcrumbList","@id":"https:\/\/klimavex.eu\/cz\/servisni-sit-hyundai-jistota-prace-jistota-podpory\/#breadcrumb","itemListElement":[{"@type":"ListItem","position":1,"name":"Domovsk\u00e1 str\u00e1nka","item":"https:\/\/klimavex.eu\/cz\/"},{"@type":"ListItem","position":2,"name":"Servisn\u00ed s\u00ed\u0165 Hyundai \u2013 jistota pr\u00e1ce, jistota podpory"}]},{"@type":"WebSite","@id":"https:\/\/klimavex.eu\/cz\/#website","url":"https:\/\/klimavex.eu\/cz\/","name":"KLIMAVEX GROUP - \u010cesko","description":"","publisher":{"@id":"https:\/\/klimavex.eu\/cz\/#organization"},"alternateName":"KLIMAVEX CZ a.s.","potentialAction":[{"@type":"SearchAction","target":{"@type":"EntryPoint","urlTemplate":"https:\/\/klimavex.eu\/cz\/?s={search_term_string}"},"query-input":{"@type":"PropertyValueSpecification","valueRequired":true,"valueName":"search_term_string"}}],"inLanguage":"cs"},{"@type":"Organization","@id":"https:\/\/klimavex.eu\/cz\/#organization","name":"KLIMAVEX GROUP","alternateName":"KLIMAVEX","url":"https:\/\/klimavex.eu\/cz\/","logo":{"@type":"ImageObject","inLanguage":"cs","@id":"https:\/\/klimavex.eu\/cz\/#\/schema\/logo\/image\/","url":"https:\/\/klimavex.eu\/cz\/wp-content\/uploads\/2024\/04\/Klimavex-Group-logo.png","contentUrl":"https:\/\/klimavex.eu\/cz\/wp-content\/uploads\/2024\/04\/Klimavex-Group-logo.png","width":1681,"height":472,"caption":"KLIMAVEX GROUP"},"image":{"@id":"https:\/\/klimavex.eu\/cz\/#\/schema\/logo\/image\/"},"sameAs":["https:\/\/www.facebook.com\/klimavex.cz","https:\/\/www.instagram.com\/klimavex_cz\/"]},{"@type":"Person","@id":"https:\/\/klimavex.eu\/cz\/#\/schema\/person\/3a6fb529fcf04fa733b5c32cbcfe0922","name":"Marketing KLIMAVEX","image":{"@type":"ImageObject","inLanguage":"cs","@id":"https:\/\/klimavex.eu\/cz\/#\/schema\/person\/image\/","url":"https:\/\/secure.gravatar.com\/avatar\/2cc1346e28b0694ade418b5d722c3b0c?s=96&d=mm&r=g","contentUrl":"https:\/\/secure.gravatar.com\/avatar\/2cc1346e28b0694ade418b5d722c3b0c?s=96&d=mm&r=g","caption":"Marketing KLIMAVEX"},"url":"https:\/\/klimavex.eu\/cz\/author\/marketing\/"}]}},"_links":{"self":[{"href":"https:\/\/klimavex.eu\/cz\/wp-json\/wp\/v2\/posts\/556203","targetHints":{"allow":["GET"]}}],"collection":[{"href":"https:\/\/klimavex.eu\/cz\/wp-json\/wp\/v2\/posts"}],"about":[{"href":"https:\/\/klimavex.eu\/cz\/wp-json\/wp\/v2\/types\/post"}],"author":[{"embeddable":true,"href":"https:\/\/klimavex.eu\/cz\/wp-json\/wp\/v2\/users\/3"}],"replies":[{"embeddable":true,"href":"https:\/\/klimavex.eu\/cz\/wp-json\/wp\/v2\/comments?post=556203"}],"version-history":[{"count":0,"href":"https:\/\/klimavex.eu\/cz\/wp-json\/wp\/v2\/posts\/556203\/revisions"}],"wp:featuredmedia":[{"embeddable":true,"href":"https:\/\/klimavex.eu\/cz\/wp-json\/wp\/v2\/media\/556204"}],"wp:attachment":[{"href":"https:\/\/klimavex.eu\/cz\/wp-json\/wp\/v2\/media?parent=556203"}],"wp:term":[{"taxonomy":"category","embeddable":true,"href":"https:\/\/klimavex.eu\/cz\/wp-json\/wp\/v2\/categories?post=556203"},{"taxonomy":"post_tag","embeddable":true,"href":"https:\/\/klimavex.eu\/cz\/wp-json\/wp\/v2\/tags?post=556203"}],"curies":[{"name":"wp","href":"https:\/\/api.w.org\/{rel}","templated":true}]}}