{"id":556211,"date":"2025-10-01T04:00:00","date_gmt":"2025-10-01T02:00:00","guid":{"rendered":"https:\/\/klimavex.eu\/cz\/?p=556211"},"modified":"2025-10-06T12:54:52","modified_gmt":"2025-10-06T10:54:52","slug":"tepelna-cerpadla-hyundai-pro-letosni-topnou-sezonu","status":"publish","type":"post","link":"https:\/\/klimavex.eu\/cz\/tepelna-cerpadla-hyundai-pro-letosni-topnou-sezonu\/","title":{"rendered":"Tepeln\u00e1 \u010derpadla Hyundai pro leto\u0161n\u00ed topnou sez\u00f3nu!"},"content":{"rendered":"\t\t<div data-elementor-type=\"wp-post\" data-elementor-id=\"556211\" class=\"elementor elementor-556211\" data-elementor-post-type=\"post\">\n\t\t\t\t<div class=\"wd-negative-gap elementor-element elementor-element-b2896b6 e-flex e-con-boxed e-con e-parent\" data-id=\"b2896b6\" data-element_type=\"container\">\n\t\t\t\t\t<div class=\"e-con-inner\">\n\t\t\t\t<div class=\"elementor-element elementor-element-c90a5f4 elementor-widget elementor-widget-heading\" data-id=\"c90a5f4\" data-element_type=\"widget\" data-widget_type=\"heading.default\">\n\t\t\t\t<div class=\"elementor-widget-container\">\n\t\t\t<h2 class=\"elementor-heading-title elementor-size-default\">Tepeln\u00e1 \u010derpadla Hyundai pro leto\u0161n\u00ed topnou sez\u00f3nu!<\/h2>\t\t<\/div>\n\t\t\t\t<\/div>\n\t\t\t\t<div class=\"elementor-element elementor-element-bf4c233 elementor-widget elementor-widget-wd_text_block\" data-id=\"bf4c233\" data-element_type=\"widget\" data-widget_type=\"wd_text_block.default\">\n\t\t\t\t<div class=\"elementor-widget-container\">\n\t\t\t\t\t<div class=\"wd-text-block reset-last-child text-left\">\n\t\t\t\n\t\t\t<p>Tepeln\u00e1 \u010derpadla zna\u010dky Hyundai na \u010desk\u00e9m a slovensk\u00e9m trhu slav\u00ed \u00fasp\u011bchy ji\u017e n\u011bkolik\u00e1t\u00fdm rokem, a\u00a0proto doch\u00e1z\u00ed k\u00a0<strong>roz\u0161\u00ed\u0159en\u00ed <\/strong>jejich <strong>sortimentu<\/strong>. Nejzaj\u00edmav\u011bj\u0161\u00edm p\u0159\u00edr\u016fstkem z\u00a0hlediska mo\u017enosti aplikace jsou komer\u010dn\u00ed tepeln\u00e1 \u010derpadla \u2013 nyn\u00ed mohou za\u0159\u00edzen\u00ed Hyundai obslou\u017eit <strong>rodinn\u00e9 domy, bytov\u00e9 domy i velk\u00e9 komer\u010dn\u00ed objekty<\/strong>.<\/p><p>V\u0161echny modely tepeln\u00fdch \u010derpadel Hyundai jsou konstruov\u00e1ny s\u00a0kompresory DC inverter, krom\u011b vyt\u00e1p\u011bn\u00ed zvl\u00e1daj\u00ed i chlazen\u00ed a podporuj\u00ed Modbus integraci pro realizace s\u00a0vyu\u017eit\u00edm v\u00edce venkovn\u00edch jednotek. P\u0159i <strong>reziden\u010dn\u00edch tepeln\u00fdch \u010derpadlech<\/strong> je nav\u00edc nab\u00edzena nadstandardn\u00ed <strong>5let\u00e1 z\u00e1ruka<\/strong> p\u0159i spln\u011bn\u00ed instala\u010dn\u00edch a servisn\u00edch podm\u00ednek.<\/p>\n\t\t\t\t\t<\/div>\n\t\t\t\t<\/div>\n\t\t\t\t<\/div>\n\t\t\t\t<div class=\"elementor-element elementor-element-3ec566e elementor-widget elementor-widget-wd_image_or_svg\" data-id=\"3ec566e\" data-element_type=\"widget\" data-widget_type=\"wd_image_or_svg.default\">\n\t\t\t\t<div class=\"elementor-widget-container\">\n\t\t\t\n\t\t<div class=\"wd-image text-center\">\n\t\t\t\t\t\t\t\t<img fetchpriority=\"high\" decoding=\"async\" width=\"1024\" height=\"427\" src=\"https:\/\/klimavex.eu\/cz\/wp-content\/uploads\/2025\/09\/tc1-1024x427.png\" class=\"attachment-large size-large\" alt=\"\" srcset=\"https:\/\/klimavex.eu\/cz\/wp-content\/uploads\/2025\/09\/tc1-1024x427.png 1024w, https:\/\/klimavex.eu\/cz\/wp-content\/uploads\/2025\/09\/tc1-300x125.png 300w, https:\/\/klimavex.eu\/cz\/wp-content\/uploads\/2025\/09\/tc1-768x320.png 768w, https:\/\/klimavex.eu\/cz\/wp-content\/uploads\/2025\/09\/tc1-1536x640.png 1536w, https:\/\/klimavex.eu\/cz\/wp-content\/uploads\/2025\/09\/tc1-20x8.png 20w, https:\/\/klimavex.eu\/cz\/wp-content\/uploads\/2025\/09\/tc1-600x250.png 600w, https:\/\/klimavex.eu\/cz\/wp-content\/uploads\/2025\/09\/tc1-150x63.png 150w, https:\/\/klimavex.eu\/cz\/wp-content\/uploads\/2025\/09\/tc1.png 1920w\" sizes=\"(max-width: 1024px) 100vw, 1024px\" \/>\t\t\t\t\t<\/div>\n\n\t\t\t\t<\/div>\n\t\t\t\t<\/div>\n\t\t\t\t<div class=\"elementor-element elementor-element-8b08b19 elementor-widget elementor-widget-wd_text_block\" data-id=\"8b08b19\" data-element_type=\"widget\" data-widget_type=\"wd_text_block.default\">\n\t\t\t\t<div class=\"elementor-widget-container\">\n\t\t\t\t\t<div class=\"wd-text-block reset-last-child text-left\">\n\t\t\t\n\t\t\t<p><strong><u>Reziden\u010dn\u00ed splity \u2013 SUPREME<\/u><\/strong><\/p><p>Modely <strong>HPSI<\/strong> a <strong>HPSA<\/strong> p\u0159edstavuj\u00ed splitov\u00e9 syst\u00e9my rozd\u011blen\u00e9 na vnit\u0159n\u00ed a venkovn\u00ed jednotku (\u010dern\u00e1 venkovn\u00ed a b\u00edl\u00e1 vnit\u0159n\u00ed jednotka) propojen\u00e9 p\u0159edem napln\u011bn\u00fdm chladivem R32 do 15m. Dosahuj\u00ed teploty topn\u00e9 vody na v\u00fdstupu a\u017e 65 \u00b0C a vyt\u00e1p\u00ed a\u017e do -25 \u00b0C venkovn\u00ed teploty. Sou\u010d\u00e1st\u00ed jejich v\u00fdbavy je mo\u017enost ekvitermn\u00edho \u0159\u00edzen\u00ed, ovl\u00e1d\u00e1n\u00ed a\u017e dvou z\u00f3n sou\u010dasn\u011b a mo\u017enost d\u00e1lkov\u00e9 kontroly pomoc\u00ed mobiln\u00ed aplikace. Sou\u010d\u00e1st\u00ed model\u016f HPSA (na rozd\u00edl od HPSI) je nerezov\u00e1 n\u00e1dr\u017e na TUV s\u00a0objemem 190 nebo 240 litr\u016f.<\/p>\n\t\t\t\t\t<\/div>\n\t\t\t\t<\/div>\n\t\t\t\t<\/div>\n\t\t\t\t\t<\/div>\n\t\t\t\t<\/div>\n\t\t<div class=\"wd-negative-gap elementor-element elementor-element-c8217e4 e-flex e-con-boxed e-con e-parent\" data-id=\"c8217e4\" data-element_type=\"container\">\n\t\t\t\t\t<div class=\"e-con-inner\">\n\t\t<div class=\"elementor-element elementor-element-136654a e-con-full e-flex e-con e-child\" data-id=\"136654a\" data-element_type=\"container\">\n\t\t\t\t<div class=\"elementor-element elementor-element-6c87a67 elementor-widget elementor-widget-wd_image_or_svg\" data-id=\"6c87a67\" data-element_type=\"widget\" data-widget_type=\"wd_image_or_svg.default\">\n\t\t\t\t<div class=\"elementor-widget-container\">\n\t\t\t\n\t\t<div class=\"wd-image text-center\">\n\t\t\t\t\t\t\t<a  href=\"https:\/\/klimavex.eu\/cz\/eshop\/tepelna-cerpadla\/hyundai-tepelna-cerpadla\/?filter_provedeni=nastenny-split&#038;query_type_provedeni=or\" aria-label=\"Image link\">\n\t\t\t\t\t\t\t\t<img decoding=\"async\" width=\"600\" height=\"600\" src=\"https:\/\/klimavex.eu\/cz\/wp-content\/uploads\/2025\/09\/tc2-600x600.png\" class=\"attachment-600x600 size-600x600\" alt=\"\" srcset=\"https:\/\/klimavex.eu\/cz\/wp-content\/uploads\/2025\/09\/tc2-600x600.png 600w, https:\/\/klimavex.eu\/cz\/wp-content\/uploads\/2025\/09\/tc2-300x300.png 300w, https:\/\/klimavex.eu\/cz\/wp-content\/uploads\/2025\/09\/tc2-1024x1024.png 1024w, https:\/\/klimavex.eu\/cz\/wp-content\/uploads\/2025\/09\/tc2-150x150.png 150w, https:\/\/klimavex.eu\/cz\/wp-content\/uploads\/2025\/09\/tc2-768x768.png 768w, https:\/\/klimavex.eu\/cz\/wp-content\/uploads\/2025\/09\/tc2-20x20.png 20w, https:\/\/klimavex.eu\/cz\/wp-content\/uploads\/2025\/09\/tc2.png 1080w\" sizes=\"(max-width: 600px) 100vw, 600px\" \/>\t\t\t\t\t\t\t<\/a>\n\t\t\t\t\t<\/div>\n\n\t\t\t\t<\/div>\n\t\t\t\t<\/div>\n\t\t\t\t<div class=\"elementor-element elementor-element-7f36bef elementor-widget elementor-widget-wd_text_block\" data-id=\"7f36bef\" data-element_type=\"widget\" data-widget_type=\"wd_text_block.default\">\n\t\t\t\t<div class=\"elementor-widget-container\">\n\t\t\t\t\t<div class=\"wd-text-block reset-last-child text-center\">\n\t\t\t\n\t\t\t<p><em>Split Hyundai SUPREME HPSI <\/em><em>\u00a0 \u00a0 \u00a0 \u00a0 \u00a0<\/em><\/p>\n\t\t\t\t\t<\/div>\n\t\t\t\t<\/div>\n\t\t\t\t<\/div>\n\t\t\t\t<\/div>\n\t\t<div class=\"elementor-element elementor-element-ae268ae e-con-full e-flex e-con e-child\" data-id=\"ae268ae\" data-element_type=\"container\">\n\t\t\t\t<div class=\"elementor-element elementor-element-8ef6420 elementor-widget elementor-widget-wd_image_or_svg\" data-id=\"8ef6420\" data-element_type=\"widget\" data-widget_type=\"wd_image_or_svg.default\">\n\t\t\t\t<div class=\"elementor-widget-container\">\n\t\t\t\n\t\t<div class=\"wd-image text-center\">\n\t\t\t\t\t\t\t<a  href=\"https:\/\/klimavex.eu\/cz\/eshop\/tepelna-cerpadla\/hyundai-tepelna-cerpadla\/?filter_provedeni=split-aio-s-tuv&#038;query_type_provedeni=or\" aria-label=\"Image link\">\n\t\t\t\t\t\t\t\t<img decoding=\"async\" width=\"600\" height=\"600\" src=\"https:\/\/klimavex.eu\/cz\/wp-content\/uploads\/2025\/09\/tc3-600x600.png\" class=\"attachment-600x600 size-600x600\" alt=\"\" srcset=\"https:\/\/klimavex.eu\/cz\/wp-content\/uploads\/2025\/09\/tc3-600x600.png 600w, https:\/\/klimavex.eu\/cz\/wp-content\/uploads\/2025\/09\/tc3-300x300.png 300w, https:\/\/klimavex.eu\/cz\/wp-content\/uploads\/2025\/09\/tc3-1024x1024.png 1024w, https:\/\/klimavex.eu\/cz\/wp-content\/uploads\/2025\/09\/tc3-150x150.png 150w, https:\/\/klimavex.eu\/cz\/wp-content\/uploads\/2025\/09\/tc3-768x768.png 768w, https:\/\/klimavex.eu\/cz\/wp-content\/uploads\/2025\/09\/tc3-20x20.png 20w, https:\/\/klimavex.eu\/cz\/wp-content\/uploads\/2025\/09\/tc3.png 1080w\" sizes=\"(max-width: 600px) 100vw, 600px\" \/>\t\t\t\t\t\t\t<\/a>\n\t\t\t\t\t<\/div>\n\n\t\t\t\t<\/div>\n\t\t\t\t<\/div>\n\t\t\t\t<div class=\"elementor-element elementor-element-a40c049 elementor-widget elementor-widget-wd_text_block\" data-id=\"a40c049\" data-element_type=\"widget\" data-widget_type=\"wd_text_block.default\">\n\t\t\t\t<div class=\"elementor-widget-container\">\n\t\t\t\t\t<div class=\"wd-text-block reset-last-child text-center\">\n\t\t\t\n\t\t\t<p><em>Split Hyundai SUPREME HPSA All-in-one<\/em><\/p>\n\t\t\t\t\t<\/div>\n\t\t\t\t<\/div>\n\t\t\t\t<\/div>\n\t\t\t\t<\/div>\n\t\t\t\t\t<\/div>\n\t\t\t\t<\/div>\n\t\t<div class=\"wd-negative-gap elementor-element elementor-element-ab97015 e-flex e-con-boxed e-con e-parent\" data-id=\"ab97015\" data-element_type=\"container\">\n\t\t\t\t\t<div class=\"e-con-inner\">\n\t\t\t\t<div class=\"elementor-element elementor-element-bcaca1f elementor-widget-divider--view-line elementor-widget elementor-widget-divider\" data-id=\"bcaca1f\" data-element_type=\"widget\" data-widget_type=\"divider.default\">\n\t\t\t\t<div class=\"elementor-widget-container\">\n\t\t\t\t\t<div class=\"elementor-divider\">\n\t\t\t<span class=\"elementor-divider-separator\">\n\t\t\t\t\t\t<\/span>\n\t\t<\/div>\n\t\t\t\t<\/div>\n\t\t\t\t<\/div>\n\t\t\t\t<div class=\"elementor-element elementor-element-973e394 elementor-widget elementor-widget-wd_text_block\" data-id=\"973e394\" data-element_type=\"widget\" data-widget_type=\"wd_text_block.default\">\n\t\t\t\t<div class=\"elementor-widget-container\">\n\t\t\t\t\t<div class=\"wd-text-block reset-last-child text-left\">\n\t\t\t\n\t\t\t<p><strong><u>Reziden\u010dn\u00ed monobloky \u2013 EXTREME<\/u><\/strong><\/p><p>Monobloky jsou tepeln\u00e1 \u010derpadla tvo\u0159en\u00e1 pouze jednou (a to venkovn\u00ed) jednotkou. V\u00a0portfoliu Hyundai pro reziden\u010dn\u00ed aplikace najdete celkem 3 modely:<\/p>\n\t\t\t\t\t<\/div>\n\t\t\t\t<\/div>\n\t\t\t\t<\/div>\n\t\t\t\t\t<\/div>\n\t\t\t\t<\/div>\n\t\t<div class=\"wd-negative-gap elementor-element elementor-element-4d872ab e-flex e-con-boxed e-con e-parent\" data-id=\"4d872ab\" data-element_type=\"container\">\n\t\t\t\t\t<div class=\"e-con-inner\">\n\t\t<div class=\"elementor-element elementor-element-e69207d e-con-full e-flex e-con e-child\" data-id=\"e69207d\" data-element_type=\"container\">\n\t\t\t\t<div class=\"elementor-element elementor-element-9d95693 elementor-widget elementor-widget-wd_text_block\" data-id=\"9d95693\" data-element_type=\"widget\" data-widget_type=\"wd_text_block.default\">\n\t\t\t\t<div class=\"elementor-widget-container\">\n\t\t\t\t\t<div class=\"wd-text-block reset-last-child text-left\">\n\t\t\t\n\t\t\t<ul>\n \t<li><strong>Monoblok R32<\/strong> \u2013 B\u00edl\u00fd monoblok s\u00a0nen\u00e1ro\u010dnou instalac\u00ed a v\u00fdkonem a\u017e 16 kW. Teplota vody na\u00a0v\u00fdstupu a\u017e 65 \u00b0C, vyt\u00e1p\u011bn\u00ed do -25 \u00b0C venkovn\u00ed teploty.<\/li><br>\n \t<li><strong>Monoblok R290 verze A<\/strong> \u2013 Venkovn\u00ed jednotka v\u00a0\u010dern\u00e9m proveden\u00ed vyu\u017e\u00edv\u00e1 ekologick\u00e9 chladivo R290. V\u00fdstupn\u00ed teplota vody je a\u017e 75 \u00b0C, maxim\u00e1ln\u00ed v\u00fdkon 16 kW. Dok\u00e1\u017ee vyt\u00e1p\u011bt a\u017e do -25\u00b0C venkovn\u00ed teploty.<\/li><br>\n \t<li><strong>Monoblok R290 verze C<\/strong> \u2013 \u0160ed\u00e1 venkovn\u00ed jednotka extra \u00fa\u010dinn\u00e9ho a tich\u00e9ho monoblokov\u00e9ho tepeln\u00e9ho \u010derpadla o v\u00fdkonu a\u017e 16 kW. Dok\u00e1\u017ee oh\u0159\u00edvat vodu a\u017e na teplotu 80 \u00b0C a vyu\u017e\u00edv\u00e1 ekologick\u00e9 chladivo R290.<\/li>\n<\/ul>\n\t\t\t\t\t<\/div>\n\t\t\t\t<\/div>\n\t\t\t\t<\/div>\n\t\t\t\t<\/div>\n\t\t<div class=\"elementor-element elementor-element-eeddde8 e-con-full e-flex e-con e-child\" data-id=\"eeddde8\" data-element_type=\"container\">\n\t\t\t\t<div class=\"elementor-element elementor-element-c93bf1a elementor-widget elementor-widget-wd_image_or_svg\" data-id=\"c93bf1a\" data-element_type=\"widget\" data-widget_type=\"wd_image_or_svg.default\">\n\t\t\t\t<div class=\"elementor-widget-container\">\n\t\t\t\n\t\t<div class=\"wd-image text-center\">\n\t\t\t\t\t\t\t\t<img loading=\"lazy\" decoding=\"async\" width=\"450\" height=\"600\" src=\"https:\/\/klimavex.eu\/cz\/wp-content\/uploads\/2025\/09\/tc4-450x600.jpg\" class=\"attachment-x600 size-x600\" alt=\"\" srcset=\"https:\/\/klimavex.eu\/cz\/wp-content\/uploads\/2025\/09\/tc4-450x600.jpg 450w, https:\/\/klimavex.eu\/cz\/wp-content\/uploads\/2025\/09\/tc4-225x300.jpg 225w, https:\/\/klimavex.eu\/cz\/wp-content\/uploads\/2025\/09\/tc4-768x1024.jpg 768w, https:\/\/klimavex.eu\/cz\/wp-content\/uploads\/2025\/09\/tc4-1152x1536.jpg 1152w, https:\/\/klimavex.eu\/cz\/wp-content\/uploads\/2025\/09\/tc4-15x20.jpg 15w, https:\/\/klimavex.eu\/cz\/wp-content\/uploads\/2025\/09\/tc4-150x200.jpg 150w, https:\/\/klimavex.eu\/cz\/wp-content\/uploads\/2025\/09\/tc4.jpg 1512w\" sizes=\"(max-width: 450px) 100vw, 450px\" \/>\t\t\t\t\t<\/div>\n\n\t\t\t\t<\/div>\n\t\t\t\t<\/div>\n\t\t\t\t<\/div>\n\t\t\t\t\t<\/div>\n\t\t\t\t<\/div>\n\t\t<div class=\"wd-negative-gap elementor-element elementor-element-4236969 e-flex e-con-boxed e-con e-parent\" data-id=\"4236969\" data-element_type=\"container\">\n\t\t\t\t\t<div class=\"e-con-inner\">\n\t\t\t\t<div class=\"elementor-element elementor-element-4f0a176 elementor-widget-divider--view-line elementor-widget elementor-widget-divider\" data-id=\"4f0a176\" data-element_type=\"widget\" data-widget_type=\"divider.default\">\n\t\t\t\t<div class=\"elementor-widget-container\">\n\t\t\t\t\t<div class=\"elementor-divider\">\n\t\t\t<span class=\"elementor-divider-separator\">\n\t\t\t\t\t\t<\/span>\n\t\t<\/div>\n\t\t\t\t<\/div>\n\t\t\t\t<\/div>\n\t\t\t\t<div class=\"elementor-element elementor-element-7357ab3 elementor-widget elementor-widget-wd_text_block\" data-id=\"7357ab3\" data-element_type=\"widget\" data-widget_type=\"wd_text_block.default\">\n\t\t\t\t<div class=\"elementor-widget-container\">\n\t\t\t\t\t<div class=\"wd-text-block reset-last-child text-left\">\n\t\t\t\n\t\t\t<strong><u>V\u00fdkonn\u00e9 monobloky pro reziden\u010dn\u00ed i komer\u010dn\u00ed aplikace \u2013 EXTREME PRO<\/u><\/strong><br><br>\n\t\t\t\t\t<\/div>\n\t\t\t\t<\/div>\n\t\t\t\t<\/div>\n\t\t\t\t\t<\/div>\n\t\t\t\t<\/div>\n\t\t<div class=\"wd-negative-gap elementor-element elementor-element-689e529 e-flex e-con-boxed e-con e-parent\" data-id=\"689e529\" data-element_type=\"container\">\n\t\t\t\t\t<div class=\"e-con-inner\">\n\t\t<div class=\"elementor-element elementor-element-3e83864 e-con-full e-flex e-con e-child\" data-id=\"3e83864\" data-element_type=\"container\">\n\t\t\t\t<div class=\"elementor-element elementor-element-f050cbc elementor-widget elementor-widget-wd_text_block\" data-id=\"f050cbc\" data-element_type=\"widget\" data-widget_type=\"wd_text_block.default\">\n\t\t\t\t<div class=\"elementor-widget-container\">\n\t\t\t\t\t<div class=\"wd-text-block reset-last-child text-left\">\n\t\t\t\n\t\t\t<p><strong>Monoblok R32 (18-30kW)<\/strong><\/p><p>V\u00fdkonn\u00e9 monobloky s\u00a0dvouz\u00f3novou regulac\u00ed, mo\u017enost\u00ed ekvitermn\u00edho ovl\u00e1d\u00e1n\u00ed a kask\u00e1dov\u00e9ho zapojen\u00ed. Lze integrovat Wi-Fi modul \u010di Modbus.<\/p>\n\t\t\t\t\t<\/div>\n\t\t\t\t<\/div>\n\t\t\t\t<\/div>\n\t\t\t\t<div class=\"elementor-element elementor-element-33aedc3 elementor-widget elementor-widget-wd_image_or_svg\" data-id=\"33aedc3\" data-element_type=\"widget\" data-widget_type=\"wd_image_or_svg.default\">\n\t\t\t\t<div class=\"elementor-widget-container\">\n\t\t\t\n\t\t<div class=\"wd-image text-center\">\n\t\t\t\t\t\t\t<a  href=\"https:\/\/hyundai.eu.com\/sortiment\/HPMO_PRO\" aria-label=\"Image link\">\n\t\t\t\t\t\t\t\t<img loading=\"lazy\" decoding=\"async\" width=\"549\" height=\"600\" src=\"https:\/\/klimavex.eu\/cz\/wp-content\/uploads\/2025\/09\/tc5-scaled-549x600.webp\" class=\"attachment-x600 size-x600\" alt=\"\" srcset=\"https:\/\/klimavex.eu\/cz\/wp-content\/uploads\/2025\/09\/tc5-scaled-549x600.webp 549w, https:\/\/klimavex.eu\/cz\/wp-content\/uploads\/2025\/09\/tc5-274x300.webp 274w, https:\/\/klimavex.eu\/cz\/wp-content\/uploads\/2025\/09\/tc5-936x1024.webp 936w, https:\/\/klimavex.eu\/cz\/wp-content\/uploads\/2025\/09\/tc5-768x840.webp 768w, https:\/\/klimavex.eu\/cz\/wp-content\/uploads\/2025\/09\/tc5-1404x1536.webp 1404w, https:\/\/klimavex.eu\/cz\/wp-content\/uploads\/2025\/09\/tc5-1872x2048.webp 1872w, https:\/\/klimavex.eu\/cz\/wp-content\/uploads\/2025\/09\/tc5-150x164.webp 150w\" sizes=\"(max-width: 549px) 100vw, 549px\" \/>\t\t\t\t\t\t\t<\/a>\n\t\t\t\t\t<\/div>\n\n\t\t\t\t<\/div>\n\t\t\t\t<\/div>\n\t\t\t\t<div class=\"elementor-element elementor-element-335353a elementor-widget-divider--view-line elementor-widget elementor-widget-divider\" data-id=\"335353a\" data-element_type=\"widget\" data-widget_type=\"divider.default\">\n\t\t\t\t<div class=\"elementor-widget-container\">\n\t\t\t\t\t<div class=\"elementor-divider\">\n\t\t\t<span class=\"elementor-divider-separator\">\n\t\t\t\t\t\t<\/span>\n\t\t<\/div>\n\t\t\t\t<\/div>\n\t\t\t\t<\/div>\n\t\t\t\t<\/div>\n\t\t<div class=\"elementor-element elementor-element-fac1cb5 e-con-full e-flex e-con e-child\" data-id=\"fac1cb5\" data-element_type=\"container\">\n\t\t\t\t<div class=\"elementor-element elementor-element-1b01109 elementor-widget elementor-widget-wd_text_block\" data-id=\"1b01109\" data-element_type=\"widget\" data-widget_type=\"wd_text_block.default\">\n\t\t\t\t<div class=\"elementor-widget-container\">\n\t\t\t\t\t<div class=\"wd-text-block reset-last-child text-left\">\n\t\t\t\n\t\t\t<p><strong>Monoblok R290 (26-40kW)<\/strong><\/p><p>Disponuje technologiemi EVI a scroll DC invertor, oh\u0159\u00edv\u00e1 vodu a\u017e na teplotu 85 \u00b0C, co\u017e ho \u010din\u00ed vhodn\u00fdm pro instalace s\u00a0nutnost\u00ed vy\u0161\u0161\u00ed teploty vody.<\/p>\n\t\t\t\t\t<\/div>\n\t\t\t\t<\/div>\n\t\t\t\t<\/div>\n\t\t\t\t<div class=\"elementor-element elementor-element-522f0b3 elementor-widget elementor-widget-wd_image_or_svg\" data-id=\"522f0b3\" data-element_type=\"widget\" data-widget_type=\"wd_image_or_svg.default\">\n\t\t\t\t<div class=\"elementor-widget-container\">\n\t\t\t\n\t\t<div class=\"wd-image text-center\">\n\t\t\t\t\t\t\t<a  href=\"https:\/\/hyundai.eu.com\/sortiment\/r290evi\" aria-label=\"Image link\">\n\t\t\t\t\t\t\t\t<img loading=\"lazy\" decoding=\"async\" width=\"549\" height=\"600\" src=\"https:\/\/klimavex.eu\/cz\/wp-content\/uploads\/2025\/09\/tc6-549x600.png\" class=\"attachment-x600 size-x600\" alt=\"\" srcset=\"https:\/\/klimavex.eu\/cz\/wp-content\/uploads\/2025\/09\/tc6-549x600.png 549w, https:\/\/klimavex.eu\/cz\/wp-content\/uploads\/2025\/09\/tc6-274x300.png 274w, https:\/\/klimavex.eu\/cz\/wp-content\/uploads\/2025\/09\/tc6-936x1024.png 936w, https:\/\/klimavex.eu\/cz\/wp-content\/uploads\/2025\/09\/tc6-768x840.png 768w, https:\/\/klimavex.eu\/cz\/wp-content\/uploads\/2025\/09\/tc6-1404x1536.png 1404w, https:\/\/klimavex.eu\/cz\/wp-content\/uploads\/2025\/09\/tc6-1872x2048.png 1872w, https:\/\/klimavex.eu\/cz\/wp-content\/uploads\/2025\/09\/tc6-18x20.png 18w, https:\/\/klimavex.eu\/cz\/wp-content\/uploads\/2025\/09\/tc6-150x164.png 150w\" sizes=\"(max-width: 549px) 100vw, 549px\" \/>\t\t\t\t\t\t\t<\/a>\n\t\t\t\t\t<\/div>\n\n\t\t\t\t<\/div>\n\t\t\t\t<\/div>\n\t\t\t\t<\/div>\n\t\t\t\t\t<\/div>\n\t\t\t\t<\/div>\n\t\t<div class=\"wd-negative-gap elementor-element elementor-element-c72900a e-flex e-con-boxed e-con e-parent\" data-id=\"c72900a\" data-element_type=\"container\">\n\t\t\t\t\t<div class=\"e-con-inner\">\n\t\t\t\t<div class=\"elementor-element elementor-element-a196af7 elementor-widget elementor-widget-wd_text_block\" data-id=\"a196af7\" data-element_type=\"widget\" data-widget_type=\"wd_text_block.default\">\n\t\t\t\t<div class=\"elementor-widget-container\">\n\t\t\t\t\t<div class=\"wd-text-block reset-last-child text-left\">\n\t\t\t\n\t\t\t<p><strong><u>Komer\u010dn\u00ed monobloky \u2013 EXTREME PRO L a XL<\/u><\/strong><\/p><p><strong><br \/><\/strong><\/p>\n\t\t\t\t\t<\/div>\n\t\t\t\t<\/div>\n\t\t\t\t<\/div>\n\t\t\t\t\t<\/div>\n\t\t\t\t<\/div>\n\t\t<div class=\"wd-negative-gap elementor-element elementor-element-3e4db2d e-flex e-con-boxed e-con e-parent\" data-id=\"3e4db2d\" data-element_type=\"container\">\n\t\t\t\t\t<div class=\"e-con-inner\">\n\t\t<div class=\"elementor-element elementor-element-008bb49 e-con-full e-flex e-con e-child\" data-id=\"008bb49\" data-element_type=\"container\">\n\t\t\t\t<div class=\"elementor-element elementor-element-d2d6cf6 elementor-widget elementor-widget-wd_text_block\" data-id=\"d2d6cf6\" data-element_type=\"widget\" data-widget_type=\"wd_text_block.default\">\n\t\t\t\t<div class=\"elementor-widget-container\">\n\t\t\t\t\t<div class=\"wd-text-block reset-last-child text-left\">\n\t\t\t\n\t\t\t<p><strong>Monoblok R290 EVI<\/strong><\/p><p>Komer\u010dn\u00ed tepeln\u00e9 \u010derpadlo s\u00a0v\u00fdkonem a\u017e 70 kW. EVI technologie umo\u017e\u0148uje zachov\u00e1n\u00ed v\u00fdkonu a vysok\u00e9 v\u00fdstupn\u00ed teploty i p\u0159i n\u00edzk\u00fdch venkovn\u00edch teplot\u00e1ch. Mo\u017enost kombinace a\u017e 16 modul\u016f s\u00a0celkov\u00fdm v\u00fdkonem a\u017e 1\u00a0120 kW. Vodu oh\u0159\u00edv\u00e1 a\u017e na 85 \u00b0C.<\/p>\n\t\t\t\t\t<\/div>\n\t\t\t\t<\/div>\n\t\t\t\t<\/div>\n\t\t\t\t<\/div>\n\t\t<div class=\"elementor-element elementor-element-8736757 e-con-full e-flex e-con e-child\" data-id=\"8736757\" data-element_type=\"container\">\n\t\t\t\t<div class=\"elementor-element elementor-element-1b70aee elementor-widget elementor-widget-wd_text_block\" data-id=\"1b70aee\" data-element_type=\"widget\" data-widget_type=\"wd_text_block.default\">\n\t\t\t\t<div class=\"elementor-widget-container\">\n\t\t\t\t\t<div class=\"wd-text-block reset-last-child text-left\">\n\t\t\t\n\t\t\t<p><strong>Monoblok R32 EVI<\/strong><\/p><p>Extr\u00e9mn\u011b v\u00fdkonn\u00e1 tepeln\u00e1 \u010derpadla s\u00a0v\u00fdkonem a\u017e 140 kW. Op\u011bt je mo\u017en\u00e1 kombinace a\u017e 16 modul\u016f s\u00a0celkov\u00fdm v\u00fdkonem a\u017e 2 080 kW. Vodu dok\u00e1\u017ee oh\u0159\u00edvat a\u017e na 65 \u00b0C. I tento model vyu\u017e\u00edv\u00e1 EVI technologii pro zachov\u00e1n\u00ed v\u00fdkonu a komfortn\u00edho provozu i\u00a0v\u00a0n\u00e1ro\u010dn\u00fdch podm\u00ednk\u00e1ch.<\/p>\n\t\t\t\t\t<\/div>\n\t\t\t\t<\/div>\n\t\t\t\t<\/div>\n\t\t\t\t<\/div>\n\t\t\t\t\t<\/div>\n\t\t\t\t<\/div>\n\t\t<div class=\"wd-negative-gap elementor-element elementor-element-70b173b e-flex e-con-boxed e-con e-parent\" data-id=\"70b173b\" data-element_type=\"container\">\n\t\t\t\t\t<div class=\"e-con-inner\">\n\t\t<div class=\"elementor-element elementor-element-4f9a724 e-con-full e-flex e-con e-child\" data-id=\"4f9a724\" data-element_type=\"container\">\n\t\t\t\t<div class=\"elementor-element elementor-element-66ff536 elementor-widget elementor-widget-wd_image_or_svg\" data-id=\"66ff536\" data-element_type=\"widget\" data-widget_type=\"wd_image_or_svg.default\">\n\t\t\t\t<div class=\"elementor-widget-container\">\n\t\t\t\n\t\t<div class=\"wd-image text-center\">\n\t\t\t\t\t\t\t<a  href=\"https:\/\/hyundai.eu.com\/sortiment\/r290evi70\" aria-label=\"Image link\">\n\t\t\t\t\t\t\t\t<img loading=\"lazy\" decoding=\"async\" width=\"549\" height=\"600\" src=\"https:\/\/klimavex.eu\/cz\/wp-content\/uploads\/2025\/09\/tc7-549x600.png\" class=\"attachment-x600 size-x600\" alt=\"\" srcset=\"https:\/\/klimavex.eu\/cz\/wp-content\/uploads\/2025\/09\/tc7-549x600.png 549w, https:\/\/klimavex.eu\/cz\/wp-content\/uploads\/2025\/09\/tc7-274x300.png 274w, https:\/\/klimavex.eu\/cz\/wp-content\/uploads\/2025\/09\/tc7-936x1024.png 936w, https:\/\/klimavex.eu\/cz\/wp-content\/uploads\/2025\/09\/tc7-768x840.png 768w, https:\/\/klimavex.eu\/cz\/wp-content\/uploads\/2025\/09\/tc7-1404x1536.png 1404w, https:\/\/klimavex.eu\/cz\/wp-content\/uploads\/2025\/09\/tc7-1872x2048.png 1872w, https:\/\/klimavex.eu\/cz\/wp-content\/uploads\/2025\/09\/tc7-18x20.png 18w, https:\/\/klimavex.eu\/cz\/wp-content\/uploads\/2025\/09\/tc7-150x164.png 150w\" sizes=\"(max-width: 549px) 100vw, 549px\" \/>\t\t\t\t\t\t\t<\/a>\n\t\t\t\t\t<\/div>\n\n\t\t\t\t<\/div>\n\t\t\t\t<\/div>\n\t\t\t\t<\/div>\n\t\t<div class=\"elementor-element elementor-element-948c375 e-con-full e-flex e-con e-child\" data-id=\"948c375\" data-element_type=\"container\">\n\t\t\t\t<div class=\"elementor-element elementor-element-d146a1a elementor-widget elementor-widget-wd_image_or_svg\" data-id=\"d146a1a\" data-element_type=\"widget\" data-widget_type=\"wd_image_or_svg.default\">\n\t\t\t\t<div class=\"elementor-widget-container\">\n\t\t\t\n\t\t<div class=\"wd-image text-center\">\n\t\t\t\t\t\t\t<a  href=\"https:\/\/hyundai.eu.com\/sortiment\/r32evi\" aria-label=\"Image link\">\n\t\t\t\t\t\t\t\t<img loading=\"lazy\" decoding=\"async\" width=\"549\" height=\"600\" src=\"https:\/\/klimavex.eu\/cz\/wp-content\/uploads\/2025\/09\/tc8-549x600.png\" class=\"attachment-x600 size-x600\" alt=\"\" srcset=\"https:\/\/klimavex.eu\/cz\/wp-content\/uploads\/2025\/09\/tc8-549x600.png 549w, https:\/\/klimavex.eu\/cz\/wp-content\/uploads\/2025\/09\/tc8-274x300.png 274w, https:\/\/klimavex.eu\/cz\/wp-content\/uploads\/2025\/09\/tc8-936x1024.png 936w, https:\/\/klimavex.eu\/cz\/wp-content\/uploads\/2025\/09\/tc8-768x840.png 768w, https:\/\/klimavex.eu\/cz\/wp-content\/uploads\/2025\/09\/tc8-1404x1536.png 1404w, https:\/\/klimavex.eu\/cz\/wp-content\/uploads\/2025\/09\/tc8-1872x2048.png 1872w, https:\/\/klimavex.eu\/cz\/wp-content\/uploads\/2025\/09\/tc8-18x20.png 18w, https:\/\/klimavex.eu\/cz\/wp-content\/uploads\/2025\/09\/tc8-150x164.png 150w\" sizes=\"(max-width: 549px) 100vw, 549px\" \/>\t\t\t\t\t\t\t<\/a>\n\t\t\t\t\t<\/div>\n\n\t\t\t\t<\/div>\n\t\t\t\t<\/div>\n\t\t\t\t<\/div>\n\t\t\t\t\t<\/div>\n\t\t\t\t<\/div>\n\t\t<div class=\"wd-negative-gap elementor-element elementor-element-779e7f9 e-flex e-con-boxed e-con e-parent\" data-id=\"779e7f9\" data-element_type=\"container\">\n\t\t\t\t\t<div class=\"e-con-inner\">\n\t\t\t\t<div class=\"elementor-element elementor-element-b9ec673 elementor-widget elementor-widget-wd_text_block\" data-id=\"b9ec673\" data-element_type=\"widget\" data-widget_type=\"wd_text_block.default\">\n\t\t\t\t<div class=\"elementor-widget-container\">\n\t\t\t\t\t<div class=\"wd-text-block reset-last-child text-left\">\n\t\t\t\n\t\t\t<p><strong><u>Pro\u010d si vybrat tepeln\u00e9 \u010derpadlo Hyundai?<\/u><\/strong><\/p><ol><li>\u00da\u010dinn\u00fd syst\u00e9m vzduch-voda, kter\u00fd je vhodn\u00fd pro novostavby i rekonstrukce.<\/li><li>DC inverter kompresory zaji\u0161\u0165uj\u00edc\u00ed plynul\u00fd v\u00fdkon a vysokou sez\u00f3nn\u00ed \u00fa\u010dinnost.<\/li><li>Vyt\u00e1p\u011bn\u00ed i aktivn\u00ed chlazen\u00ed, kter\u00e9 je mo\u017en\u00e9 \u0159\u00eddit podle venkovn\u00ed teploty (ekvitermn\u00ed \u0159\u00edzen\u00ed).<\/li><li>Nadstandardn\u00ed z\u00e1ruky \u2013 5 let pro reziden\u010dn\u00ed tepeln\u00e1 \u010derpadla, 3 roky pro komer\u010dn\u00ed.<\/li><\/ol><p>V\u00edce informac\u00ed o tepeln\u00fdch \u010derpadlech Hyundai m\u016f\u017eete naj\u00edt na ofici\u00e1ln\u00edch webov\u00fdch str\u00e1nk\u00e1ch <a href=\"https:\/\/www.hyundai.eu.com\/vytapeni\">ZDE<\/a>.<\/p>\n\t\t\t\t\t<\/div>\n\t\t\t\t<\/div>\n\t\t\t\t<\/div>\n\t\t\t\t\t<\/div>\n\t\t\t\t<\/div>\n\t\t\t\t<\/div>\n\t\t","protected":false},"excerpt":{"rendered":"<p>Tepeln\u00e1 \u010derpadla Hyundai pro leto\u0161n\u00ed topnou sez\u00f3nu! Tepeln\u00e1 \u010derpadla zna\u010dky Hyundai na \u010desk\u00e9m a slovensk\u00e9m trhu slav\u00ed \u00fasp\u011bchy ji\u017e n\u011bkolik\u00e1t\u00fdm<\/p>\n","protected":false},"author":3,"featured_media":556212,"comment_status":"open","ping_status":"closed","sticky":false,"template":"","format":"standard","meta":{"footnotes":""},"categories":[178,2697],"tags":[5499,5500],"class_list":["post-556211","post","type-post","status-publish","format-standard","has-post-thumbnail","hentry","category-novinky","category-tepelna-cerpadla","tag-novinky-blog","tag-tepelna-cerpadla-blog"],"yoast_head":"<!-- This site is optimized with the Yoast SEO plugin v23.9 - https:\/\/yoast.com\/wordpress\/plugins\/seo\/ -->\n<title>Tepeln\u00e1 \u010derpadla Hyundai pro leto\u0161n\u00ed topnou sez\u00f3nu! - KLIMAVEX GROUP - \u010cesko<\/title>\n<meta name=\"description\" content=\"Tepeln\u00e1 \u010derpadla pro leto\u0161n\u00ed topnou sez\u00f3nu roz\u0161i\u0159uj\u00ed svou nab\u00eddku o reziden\u010dn\u00ed monoblok a n\u011bkolik za\u0159\u00edzen\u00ed pro komer\u010dn\u00ed aplikace.\" \/>\n<meta name=\"robots\" content=\"index, follow, max-snippet:-1, max-image-preview:large, max-video-preview:-1\" \/>\n<link rel=\"canonical\" href=\"https:\/\/klimavex.eu\/cz\/tepelna-cerpadla-hyundai-pro-letosni-topnou-sezonu\/\" \/>\n<meta property=\"og:locale\" content=\"cs_CZ\" \/>\n<meta property=\"og:type\" content=\"article\" \/>\n<meta property=\"og:title\" content=\"Tepeln\u00e1 \u010derpadla Hyundai pro leto\u0161n\u00ed topnou sez\u00f3nu! - KLIMAVEX GROUP - \u010cesko\" \/>\n<meta property=\"og:description\" content=\"Tepeln\u00e1 \u010derpadla pro leto\u0161n\u00ed topnou sez\u00f3nu roz\u0161i\u0159uj\u00ed svou nab\u00eddku o reziden\u010dn\u00ed monoblok a n\u011bkolik za\u0159\u00edzen\u00ed pro komer\u010dn\u00ed aplikace.\" \/>\n<meta property=\"og:url\" content=\"https:\/\/klimavex.eu\/cz\/tepelna-cerpadla-hyundai-pro-letosni-topnou-sezonu\/\" \/>\n<meta property=\"og:site_name\" content=\"KLIMAVEX GROUP - \u010cesko\" \/>\n<meta property=\"article:publisher\" content=\"https:\/\/www.facebook.com\/klimavex.cz\" \/>\n<meta property=\"article:published_time\" content=\"2025-10-01T02:00:00+00:00\" \/>\n<meta property=\"article:modified_time\" content=\"2025-10-06T10:54:52+00:00\" \/>\n<meta property=\"og:image\" content=\"https:\/\/klimavex.eu\/cz\/wp-content\/uploads\/2025\/09\/tc1-1024x427.png\" \/>\n\t<meta property=\"og:image:width\" content=\"1024\" \/>\n\t<meta property=\"og:image:height\" content=\"427\" \/>\n\t<meta property=\"og:image:type\" content=\"image\/png\" \/>\n<meta name=\"author\" content=\"Marketing KLIMAVEX\" \/>\n<meta name=\"twitter:card\" content=\"summary_large_image\" \/>\n<meta name=\"twitter:label1\" content=\"Napsal(a)\" \/>\n\t<meta name=\"twitter:data1\" content=\"Marketing KLIMAVEX\" \/>\n\t<meta name=\"twitter:label2\" content=\"Odhadovan\u00e1 doba \u010dten\u00ed\" \/>\n\t<meta name=\"twitter:data2\" content=\"5 minut\" \/>\n<script type=\"application\/ld+json\" class=\"yoast-schema-graph\">{\"@context\":\"https:\/\/schema.org\",\"@graph\":[{\"@type\":\"Article\",\"@id\":\"https:\/\/klimavex.eu\/cz\/tepelna-cerpadla-hyundai-pro-letosni-topnou-sezonu\/#article\",\"isPartOf\":{\"@id\":\"https:\/\/klimavex.eu\/cz\/tepelna-cerpadla-hyundai-pro-letosni-topnou-sezonu\/\"},\"author\":{\"name\":\"Marketing KLIMAVEX\",\"@id\":\"https:\/\/klimavex.eu\/cz\/#\/schema\/person\/3a6fb529fcf04fa733b5c32cbcfe0922\"},\"headline\":\"Tepeln\u00e1 \u010derpadla Hyundai pro leto\u0161n\u00ed topnou sez\u00f3nu!\",\"datePublished\":\"2025-10-01T02:00:00+00:00\",\"dateModified\":\"2025-10-06T10:54:52+00:00\",\"mainEntityOfPage\":{\"@id\":\"https:\/\/klimavex.eu\/cz\/tepelna-cerpadla-hyundai-pro-letosni-topnou-sezonu\/\"},\"wordCount\":669,\"commentCount\":0,\"publisher\":{\"@id\":\"https:\/\/klimavex.eu\/cz\/#organization\"},\"image\":{\"@id\":\"https:\/\/klimavex.eu\/cz\/tepelna-cerpadla-hyundai-pro-letosni-topnou-sezonu\/#primaryimage\"},\"thumbnailUrl\":\"https:\/\/klimavex.eu\/cz\/wp-content\/uploads\/2025\/09\/tc1.png\",\"keywords\":[\"Novinky - blog\",\"Tepeln\u00e1 \u010derpadla - blog\"],\"articleSection\":[\"Novinky\",\"Tepeln\u00e1 \u010derpadla\"],\"inLanguage\":\"cs\",\"potentialAction\":[{\"@type\":\"CommentAction\",\"name\":\"Comment\",\"target\":[\"https:\/\/klimavex.eu\/cz\/tepelna-cerpadla-hyundai-pro-letosni-topnou-sezonu\/#respond\"]}]},{\"@type\":\"WebPage\",\"@id\":\"https:\/\/klimavex.eu\/cz\/tepelna-cerpadla-hyundai-pro-letosni-topnou-sezonu\/\",\"url\":\"https:\/\/klimavex.eu\/cz\/tepelna-cerpadla-hyundai-pro-letosni-topnou-sezonu\/\",\"name\":\"Tepeln\u00e1 \u010derpadla Hyundai pro leto\u0161n\u00ed topnou sez\u00f3nu! - KLIMAVEX GROUP - \u010cesko\",\"isPartOf\":{\"@id\":\"https:\/\/klimavex.eu\/cz\/#website\"},\"primaryImageOfPage\":{\"@id\":\"https:\/\/klimavex.eu\/cz\/tepelna-cerpadla-hyundai-pro-letosni-topnou-sezonu\/#primaryimage\"},\"image\":{\"@id\":\"https:\/\/klimavex.eu\/cz\/tepelna-cerpadla-hyundai-pro-letosni-topnou-sezonu\/#primaryimage\"},\"thumbnailUrl\":\"https:\/\/klimavex.eu\/cz\/wp-content\/uploads\/2025\/09\/tc1.png\",\"datePublished\":\"2025-10-01T02:00:00+00:00\",\"dateModified\":\"2025-10-06T10:54:52+00:00\",\"description\":\"Tepeln\u00e1 \u010derpadla pro leto\u0161n\u00ed topnou sez\u00f3nu roz\u0161i\u0159uj\u00ed svou nab\u00eddku o reziden\u010dn\u00ed monoblok a n\u011bkolik za\u0159\u00edzen\u00ed pro komer\u010dn\u00ed aplikace.\",\"breadcrumb\":{\"@id\":\"https:\/\/klimavex.eu\/cz\/tepelna-cerpadla-hyundai-pro-letosni-topnou-sezonu\/#breadcrumb\"},\"inLanguage\":\"cs\",\"potentialAction\":[{\"@type\":\"ReadAction\",\"target\":[\"https:\/\/klimavex.eu\/cz\/tepelna-cerpadla-hyundai-pro-letosni-topnou-sezonu\/\"]}]},{\"@type\":\"ImageObject\",\"inLanguage\":\"cs\",\"@id\":\"https:\/\/klimavex.eu\/cz\/tepelna-cerpadla-hyundai-pro-letosni-topnou-sezonu\/#primaryimage\",\"url\":\"https:\/\/klimavex.eu\/cz\/wp-content\/uploads\/2025\/09\/tc1.png\",\"contentUrl\":\"https:\/\/klimavex.eu\/cz\/wp-content\/uploads\/2025\/09\/tc1.png\",\"width\":1920,\"height\":800},{\"@type\":\"BreadcrumbList\",\"@id\":\"https:\/\/klimavex.eu\/cz\/tepelna-cerpadla-hyundai-pro-letosni-topnou-sezonu\/#breadcrumb\",\"itemListElement\":[{\"@type\":\"ListItem\",\"position\":1,\"name\":\"Domovsk\u00e1 str\u00e1nka\",\"item\":\"https:\/\/klimavex.eu\/cz\/\"},{\"@type\":\"ListItem\",\"position\":2,\"name\":\"Tepeln\u00e1 \u010derpadla Hyundai pro leto\u0161n\u00ed topnou sez\u00f3nu!\"}]},{\"@type\":\"WebSite\",\"@id\":\"https:\/\/klimavex.eu\/cz\/#website\",\"url\":\"https:\/\/klimavex.eu\/cz\/\",\"name\":\"KLIMAVEX GROUP - \u010cesko\",\"description\":\"\",\"publisher\":{\"@id\":\"https:\/\/klimavex.eu\/cz\/#organization\"},\"alternateName\":\"KLIMAVEX CZ a.s.\",\"potentialAction\":[{\"@type\":\"SearchAction\",\"target\":{\"@type\":\"EntryPoint\",\"urlTemplate\":\"https:\/\/klimavex.eu\/cz\/?s={search_term_string}\"},\"query-input\":{\"@type\":\"PropertyValueSpecification\",\"valueRequired\":true,\"valueName\":\"search_term_string\"}}],\"inLanguage\":\"cs\"},{\"@type\":\"Organization\",\"@id\":\"https:\/\/klimavex.eu\/cz\/#organization\",\"name\":\"KLIMAVEX GROUP\",\"alternateName\":\"KLIMAVEX\",\"url\":\"https:\/\/klimavex.eu\/cz\/\",\"logo\":{\"@type\":\"ImageObject\",\"inLanguage\":\"cs\",\"@id\":\"https:\/\/klimavex.eu\/cz\/#\/schema\/logo\/image\/\",\"url\":\"https:\/\/klimavex.eu\/cz\/wp-content\/uploads\/2024\/04\/Klimavex-Group-logo.png\",\"contentUrl\":\"https:\/\/klimavex.eu\/cz\/wp-content\/uploads\/2024\/04\/Klimavex-Group-logo.png\",\"width\":1681,\"height\":472,\"caption\":\"KLIMAVEX GROUP\"},\"image\":{\"@id\":\"https:\/\/klimavex.eu\/cz\/#\/schema\/logo\/image\/\"},\"sameAs\":[\"https:\/\/www.facebook.com\/klimavex.cz\",\"https:\/\/www.instagram.com\/klimavex_cz\/\"]},{\"@type\":\"Person\",\"@id\":\"https:\/\/klimavex.eu\/cz\/#\/schema\/person\/3a6fb529fcf04fa733b5c32cbcfe0922\",\"name\":\"Marketing KLIMAVEX\",\"image\":{\"@type\":\"ImageObject\",\"inLanguage\":\"cs\",\"@id\":\"https:\/\/klimavex.eu\/cz\/#\/schema\/person\/image\/\",\"url\":\"https:\/\/secure.gravatar.com\/avatar\/2cc1346e28b0694ade418b5d722c3b0c?s=96&d=mm&r=g\",\"contentUrl\":\"https:\/\/secure.gravatar.com\/avatar\/2cc1346e28b0694ade418b5d722c3b0c?s=96&d=mm&r=g\",\"caption\":\"Marketing KLIMAVEX\"},\"url\":\"https:\/\/klimavex.eu\/cz\/author\/marketing\/\"}]}<\/script>\n<!-- \/ Yoast SEO plugin. -->","yoast_head_json":{"title":"Tepeln\u00e1 \u010derpadla Hyundai pro leto\u0161n\u00ed topnou sez\u00f3nu! - KLIMAVEX GROUP - \u010cesko","description":"Tepeln\u00e1 \u010derpadla pro leto\u0161n\u00ed topnou sez\u00f3nu roz\u0161i\u0159uj\u00ed svou nab\u00eddku o reziden\u010dn\u00ed monoblok a n\u011bkolik za\u0159\u00edzen\u00ed pro komer\u010dn\u00ed aplikace.","robots":{"index":"index","follow":"follow","max-snippet":"max-snippet:-1","max-image-preview":"max-image-preview:large","max-video-preview":"max-video-preview:-1"},"canonical":"https:\/\/klimavex.eu\/cz\/tepelna-cerpadla-hyundai-pro-letosni-topnou-sezonu\/","og_locale":"cs_CZ","og_type":"article","og_title":"Tepeln\u00e1 \u010derpadla Hyundai pro leto\u0161n\u00ed topnou sez\u00f3nu! - KLIMAVEX GROUP - \u010cesko","og_description":"Tepeln\u00e1 \u010derpadla pro leto\u0161n\u00ed topnou sez\u00f3nu roz\u0161i\u0159uj\u00ed svou nab\u00eddku o reziden\u010dn\u00ed monoblok a n\u011bkolik za\u0159\u00edzen\u00ed pro komer\u010dn\u00ed aplikace.","og_url":"https:\/\/klimavex.eu\/cz\/tepelna-cerpadla-hyundai-pro-letosni-topnou-sezonu\/","og_site_name":"KLIMAVEX GROUP - \u010cesko","article_publisher":"https:\/\/www.facebook.com\/klimavex.cz","article_published_time":"2025-10-01T02:00:00+00:00","article_modified_time":"2025-10-06T10:54:52+00:00","og_image":[{"width":1024,"height":427,"url":"https:\/\/klimavex.eu\/cz\/wp-content\/uploads\/2025\/09\/tc1-1024x427.png","type":"image\/png"}],"author":"Marketing KLIMAVEX","twitter_card":"summary_large_image","twitter_misc":{"Napsal(a)":"Marketing KLIMAVEX","Odhadovan\u00e1 doba \u010dten\u00ed":"5 minut"},"schema":{"@context":"https:\/\/schema.org","@graph":[{"@type":"Article","@id":"https:\/\/klimavex.eu\/cz\/tepelna-cerpadla-hyundai-pro-letosni-topnou-sezonu\/#article","isPartOf":{"@id":"https:\/\/klimavex.eu\/cz\/tepelna-cerpadla-hyundai-pro-letosni-topnou-sezonu\/"},"author":{"name":"Marketing KLIMAVEX","@id":"https:\/\/klimavex.eu\/cz\/#\/schema\/person\/3a6fb529fcf04fa733b5c32cbcfe0922"},"headline":"Tepeln\u00e1 \u010derpadla Hyundai pro leto\u0161n\u00ed topnou sez\u00f3nu!","datePublished":"2025-10-01T02:00:00+00:00","dateModified":"2025-10-06T10:54:52+00:00","mainEntityOfPage":{"@id":"https:\/\/klimavex.eu\/cz\/tepelna-cerpadla-hyundai-pro-letosni-topnou-sezonu\/"},"wordCount":669,"commentCount":0,"publisher":{"@id":"https:\/\/klimavex.eu\/cz\/#organization"},"image":{"@id":"https:\/\/klimavex.eu\/cz\/tepelna-cerpadla-hyundai-pro-letosni-topnou-sezonu\/#primaryimage"},"thumbnailUrl":"https:\/\/klimavex.eu\/cz\/wp-content\/uploads\/2025\/09\/tc1.png","keywords":["Novinky - blog","Tepeln\u00e1 \u010derpadla - blog"],"articleSection":["Novinky","Tepeln\u00e1 \u010derpadla"],"inLanguage":"cs","potentialAction":[{"@type":"CommentAction","name":"Comment","target":["https:\/\/klimavex.eu\/cz\/tepelna-cerpadla-hyundai-pro-letosni-topnou-sezonu\/#respond"]}]},{"@type":"WebPage","@id":"https:\/\/klimavex.eu\/cz\/tepelna-cerpadla-hyundai-pro-letosni-topnou-sezonu\/","url":"https:\/\/klimavex.eu\/cz\/tepelna-cerpadla-hyundai-pro-letosni-topnou-sezonu\/","name":"Tepeln\u00e1 \u010derpadla Hyundai pro leto\u0161n\u00ed topnou sez\u00f3nu! - KLIMAVEX GROUP - \u010cesko","isPartOf":{"@id":"https:\/\/klimavex.eu\/cz\/#website"},"primaryImageOfPage":{"@id":"https:\/\/klimavex.eu\/cz\/tepelna-cerpadla-hyundai-pro-letosni-topnou-sezonu\/#primaryimage"},"image":{"@id":"https:\/\/klimavex.eu\/cz\/tepelna-cerpadla-hyundai-pro-letosni-topnou-sezonu\/#primaryimage"},"thumbnailUrl":"https:\/\/klimavex.eu\/cz\/wp-content\/uploads\/2025\/09\/tc1.png","datePublished":"2025-10-01T02:00:00+00:00","dateModified":"2025-10-06T10:54:52+00:00","description":"Tepeln\u00e1 \u010derpadla pro leto\u0161n\u00ed topnou sez\u00f3nu roz\u0161i\u0159uj\u00ed svou nab\u00eddku o reziden\u010dn\u00ed monoblok a n\u011bkolik za\u0159\u00edzen\u00ed pro komer\u010dn\u00ed aplikace.","breadcrumb":{"@id":"https:\/\/klimavex.eu\/cz\/tepelna-cerpadla-hyundai-pro-letosni-topnou-sezonu\/#breadcrumb"},"inLanguage":"cs","potentialAction":[{"@type":"ReadAction","target":["https:\/\/klimavex.eu\/cz\/tepelna-cerpadla-hyundai-pro-letosni-topnou-sezonu\/"]}]},{"@type":"ImageObject","inLanguage":"cs","@id":"https:\/\/klimavex.eu\/cz\/tepelna-cerpadla-hyundai-pro-letosni-topnou-sezonu\/#primaryimage","url":"https:\/\/klimavex.eu\/cz\/wp-content\/uploads\/2025\/09\/tc1.png","contentUrl":"https:\/\/klimavex.eu\/cz\/wp-content\/uploads\/2025\/09\/tc1.png","width":1920,"height":800},{"@type":"BreadcrumbList","@id":"https:\/\/klimavex.eu\/cz\/tepelna-cerpadla-hyundai-pro-letosni-topnou-sezonu\/#breadcrumb","itemListElement":[{"@type":"ListItem","position":1,"name":"Domovsk\u00e1 str\u00e1nka","item":"https:\/\/klimavex.eu\/cz\/"},{"@type":"ListItem","position":2,"name":"Tepeln\u00e1 \u010derpadla Hyundai pro leto\u0161n\u00ed topnou sez\u00f3nu!"}]},{"@type":"WebSite","@id":"https:\/\/klimavex.eu\/cz\/#website","url":"https:\/\/klimavex.eu\/cz\/","name":"KLIMAVEX GROUP - \u010cesko","description":"","publisher":{"@id":"https:\/\/klimavex.eu\/cz\/#organization"},"alternateName":"KLIMAVEX CZ a.s.","potentialAction":[{"@type":"SearchAction","target":{"@type":"EntryPoint","urlTemplate":"https:\/\/klimavex.eu\/cz\/?s={search_term_string}"},"query-input":{"@type":"PropertyValueSpecification","valueRequired":true,"valueName":"search_term_string"}}],"inLanguage":"cs"},{"@type":"Organization","@id":"https:\/\/klimavex.eu\/cz\/#organization","name":"KLIMAVEX GROUP","alternateName":"KLIMAVEX","url":"https:\/\/klimavex.eu\/cz\/","logo":{"@type":"ImageObject","inLanguage":"cs","@id":"https:\/\/klimavex.eu\/cz\/#\/schema\/logo\/image\/","url":"https:\/\/klimavex.eu\/cz\/wp-content\/uploads\/2024\/04\/Klimavex-Group-logo.png","contentUrl":"https:\/\/klimavex.eu\/cz\/wp-content\/uploads\/2024\/04\/Klimavex-Group-logo.png","width":1681,"height":472,"caption":"KLIMAVEX GROUP"},"image":{"@id":"https:\/\/klimavex.eu\/cz\/#\/schema\/logo\/image\/"},"sameAs":["https:\/\/www.facebook.com\/klimavex.cz","https:\/\/www.instagram.com\/klimavex_cz\/"]},{"@type":"Person","@id":"https:\/\/klimavex.eu\/cz\/#\/schema\/person\/3a6fb529fcf04fa733b5c32cbcfe0922","name":"Marketing KLIMAVEX","image":{"@type":"ImageObject","inLanguage":"cs","@id":"https:\/\/klimavex.eu\/cz\/#\/schema\/person\/image\/","url":"https:\/\/secure.gravatar.com\/avatar\/2cc1346e28b0694ade418b5d722c3b0c?s=96&d=mm&r=g","contentUrl":"https:\/\/secure.gravatar.com\/avatar\/2cc1346e28b0694ade418b5d722c3b0c?s=96&d=mm&r=g","caption":"Marketing KLIMAVEX"},"url":"https:\/\/klimavex.eu\/cz\/author\/marketing\/"}]}},"_links":{"self":[{"href":"https:\/\/klimavex.eu\/cz\/wp-json\/wp\/v2\/posts\/556211","targetHints":{"allow":["GET"]}}],"collection":[{"href":"https:\/\/klimavex.eu\/cz\/wp-json\/wp\/v2\/posts"}],"about":[{"href":"https:\/\/klimavex.eu\/cz\/wp-json\/wp\/v2\/types\/post"}],"author":[{"embeddable":true,"href":"https:\/\/klimavex.eu\/cz\/wp-json\/wp\/v2\/users\/3"}],"replies":[{"embeddable":true,"href":"https:\/\/klimavex.eu\/cz\/wp-json\/wp\/v2\/comments?post=556211"}],"version-history":[{"count":0,"href":"https:\/\/klimavex.eu\/cz\/wp-json\/wp\/v2\/posts\/556211\/revisions"}],"wp:featuredmedia":[{"embeddable":true,"href":"https:\/\/klimavex.eu\/cz\/wp-json\/wp\/v2\/media\/556212"}],"wp:attachment":[{"href":"https:\/\/klimavex.eu\/cz\/wp-json\/wp\/v2\/media?parent=556211"}],"wp:term":[{"taxonomy":"category","embeddable":true,"href":"https:\/\/klimavex.eu\/cz\/wp-json\/wp\/v2\/categories?post=556211"},{"taxonomy":"post_tag","embeddable":true,"href":"https:\/\/klimavex.eu\/cz\/wp-json\/wp\/v2\/tags?post=556211"}],"curies":[{"name":"wp","href":"https:\/\/api.w.org\/{rel}","templated":true}]}}