{"id":502321,"date":"2025-11-27T12:17:36","date_gmt":"2025-11-27T11:17:36","guid":{"rendered":"https:\/\/klimavex.eu\/sk\/?p=502321"},"modified":"2025-11-27T14:52:49","modified_gmt":"2025-11-27T13:52:49","slug":"komplexne-sluzby-klimavex","status":"publish","type":"post","link":"https:\/\/klimavex.eu\/sk\/komplexne-sluzby-klimavex\/","title":{"rendered":"Komplexn\u00e9 slu\u017eby KLIMAVEX"},"content":{"rendered":"\t\t<div data-elementor-type=\"wp-post\" data-elementor-id=\"502321\" class=\"elementor elementor-502321\" data-elementor-post-type=\"post\">\n\t\t\t\t<div class=\"wd-negative-gap elementor-element elementor-element-1f78862 e-flex e-con-boxed e-con e-parent\" data-id=\"1f78862\" data-element_type=\"container\">\n\t\t\t\t\t<div class=\"e-con-inner\">\n\t\t<div class=\"elementor-element elementor-element-53e2241 e-con-full e-flex e-con e-child\" data-id=\"53e2241\" data-element_type=\"container\">\n\t\t\t\t<div class=\"elementor-element elementor-element-bbef670 elementor-widget elementor-widget-heading\" data-id=\"bbef670\" data-element_type=\"widget\" data-widget_type=\"heading.default\">\n\t\t\t\t<div class=\"elementor-widget-container\">\n\t\t\t<h2 class=\"elementor-heading-title elementor-size-default\">KLIMAVEX: spo\u013eahliv\u00fd partner pre v\u0161etky Va\u0161e projekty<\/h2>\t\t<\/div>\n\t\t\t\t<\/div>\n\t\t\t\t<div class=\"elementor-element elementor-element-85795f6 elementor-widget elementor-widget-wd_text_block\" data-id=\"85795f6\" data-element_type=\"widget\" data-widget_type=\"wd_text_block.default\">\n\t\t\t\t<div class=\"elementor-widget-container\">\n\t\t\t\t\t<div class=\"wd-text-block reset-last-child text-left\">\n\t\t\t\n\t\t\t<p>Spolo\u010dnos\u0165 KLIMAVEX p\u00f4sob\u00ed u\u017e viac ako 30 rokov ako <strong>ve\u013ekoobchodn\u00fd dod\u00e1vate\u013e HVAC<\/strong> <strong>produktov <\/strong>(Heating, Ventilation, Air Conditioning), \u010di\u017ee zariaden\u00ed v oblasti vykurovania, vetrania a chladenia. Pon\u00faka <strong>\u0161irok\u00fa \u0161k\u00e1lu produktov a slu\u017eieb<\/strong> pre realiz\u00e1ciu rozli\u010dn\u00fdch projektov.<\/p><p>Zameriava sa na implement\u00e1ciu efekt\u00edvnych a spo\u013eahliv\u00fdch syst\u00e9mov pre aplik\u00e1cie:<\/p><ul><li><strong>reziden\u010dn\u00e9<\/strong><\/li><li><strong>komer\u010dn\u00e9<\/strong><\/li><li><strong>priemyseln\u00e9<\/strong><\/li><\/ul><p>Okrem in\u00e9ho pon\u00faka aj <strong>komplexn\u00fa technick\u00fa a servisn\u00fa podporu<\/strong>, \u010do z neho rob\u00ed ide\u00e1lneho ve\u013ekoobchodn\u00e9ho partnera pre mont\u00e1\u017ene firmy.<\/p>\n\t\t\t\t\t<\/div>\n\t\t\t\t<\/div>\n\t\t\t\t<\/div>\n\t\t\t\t<\/div>\n\t\t<div class=\"elementor-element elementor-element-8526eb9 e-con-full e-flex e-con e-child\" data-id=\"8526eb9\" data-element_type=\"container\">\n\t\t\t\t<div class=\"elementor-element elementor-element-74d4873 elementor-widget elementor-widget-wd_image_or_svg\" data-id=\"74d4873\" data-element_type=\"widget\" data-widget_type=\"wd_image_or_svg.default\">\n\t\t\t\t<div class=\"elementor-widget-container\">\n\t\t\t\n\t\t<div class=\"wd-image text-left\">\n\t\t\t\t\t\t\t<a  href=\"https:\/\/klimavex.eu\/sk\/partnerska-zona\/\" target=\"_blank\" aria-label=\"Image link\">\n\t\t\t\t\t\t\t\t<img fetchpriority=\"high\" decoding=\"async\" width=\"1045\" height=\"680\" src=\"https:\/\/klimavex.eu\/sk\/wp-content\/uploads\/2025\/11\/SK_uvodni-fotka.png\" class=\"attachment-full size-full\" alt=\"sta\u0148te sa partnerom\" srcset=\"https:\/\/klimavex.eu\/sk\/wp-content\/uploads\/2025\/11\/SK_uvodni-fotka.png 1045w, https:\/\/klimavex.eu\/sk\/wp-content\/uploads\/2025\/11\/SK_uvodni-fotka-300x195.png 300w, https:\/\/klimavex.eu\/sk\/wp-content\/uploads\/2025\/11\/SK_uvodni-fotka-1024x666.png 1024w, https:\/\/klimavex.eu\/sk\/wp-content\/uploads\/2025\/11\/SK_uvodni-fotka-768x500.png 768w, https:\/\/klimavex.eu\/sk\/wp-content\/uploads\/2025\/11\/SK_uvodni-fotka-20x13.png 20w, https:\/\/klimavex.eu\/sk\/wp-content\/uploads\/2025\/11\/SK_uvodni-fotka-600x390.png 600w, https:\/\/klimavex.eu\/sk\/wp-content\/uploads\/2025\/11\/SK_uvodni-fotka-150x98.png 150w\" sizes=\"(max-width: 1045px) 100vw, 1045px\" \/>\t\t\t\t\t\t\t<\/a>\n\t\t\t\t\t<\/div>\n\n\t\t\t\t<\/div>\n\t\t\t\t<\/div>\n\t\t\t\t<\/div>\n\t\t\t\t\t<\/div>\n\t\t\t\t<\/div>\n\t\t<div class=\"wd-negative-gap elementor-element elementor-element-a078755 e-flex e-con-boxed e-con e-parent\" data-id=\"a078755\" data-element_type=\"container\">\n\t\t\t\t\t<div class=\"e-con-inner\">\n\t\t\t\t<div class=\"elementor-element elementor-element-1197204 elementor-widget elementor-widget-wd_text_block\" data-id=\"1197204\" data-element_type=\"widget\" data-widget_type=\"wd_text_block.default\">\n\t\t\t\t<div class=\"elementor-widget-container\">\n\t\t\t\t\t<div class=\"wd-text-block reset-last-child text-left\">\n\t\t\t\n\t\t\t<p><u>\u0160pecializovan\u00fd HVAC ve\u013ekoobchod<\/u><\/p><p>KLIMAVEX pon\u00faka \u0161irok\u00fa \u0161k\u00e1lu produktov pre realiz\u00e1ciu r\u00f4znych projektov. Disponuje komplexn\u00fdm portf\u00f3liom vysoko kvalitn\u00fdch produktov pre <strong>in\u0161tal\u00e1ciu vo v\u0161etk\u00fdch typoch reziden\u010dn\u00fdch, komer\u010dn\u00fdch a priemyseln\u00fdch objektov<\/strong>. V\u010faka \u00fazkej spolupr\u00e1ci s 13 renomovan\u00fdmi v\u00fdrobcami sa z\u00e1kazn\u00edci m\u00f4\u017eu spo\u013eahn\u00fa\u0165, \u017ee v\u0161etky produkty pon\u00fakan\u00e9 spolo\u010dnos\u0165ou KLIMAVEX sp\u013a\u0148aj\u00fa <strong>najvy\u0161\u0161ie \u0161tandardy kvality<\/strong> a efekt\u00edvnosti. Svojim partnerom pon\u00faka tie\u017e <strong>pln\u00fd pr\u00edstup k mont\u00e1\u017enym n\u00e1vodom, certifik\u00e1tom a\u00a0\u010fal\u0161ej technickej dokument\u00e1cii<\/strong>, ako aj mo\u017enos\u0165 n\u00e1kupu za v\u00fdhodn\u00e9 <strong>ve\u013ekoobchodn\u00e9 ceny.<\/strong><\/p><p>\u00a0<\/p>\n\t\t\t\t\t<\/div>\n\t\t\t\t<\/div>\n\t\t\t\t<\/div>\n\t\t\t\t<div class=\"elementor-element elementor-element-a5efdd5 elementor-widget elementor-widget-wd_image_or_svg\" data-id=\"a5efdd5\" data-element_type=\"widget\" data-widget_type=\"wd_image_or_svg.default\">\n\t\t\t\t<div class=\"elementor-widget-container\">\n\t\t\t\n\t\t<div class=\"wd-image text-center\">\n\t\t\t\t\t\t\t<a  href=\"https:\/\/klimavex.eu\/sk\/nasi-vyrobcovia\/\" aria-label=\"Image link\">\n\t\t\t\t\t\t\t\t<img decoding=\"async\" width=\"1024\" height=\"140\" src=\"https:\/\/klimavex.eu\/sk\/wp-content\/uploads\/2025\/11\/SK_vyrobci-1024x140.png\" class=\"attachment-large size-large\" alt=\"\" srcset=\"https:\/\/klimavex.eu\/sk\/wp-content\/uploads\/2025\/11\/SK_vyrobci-1024x140.png 1024w, https:\/\/klimavex.eu\/sk\/wp-content\/uploads\/2025\/11\/SK_vyrobci-300x41.png 300w, https:\/\/klimavex.eu\/sk\/wp-content\/uploads\/2025\/11\/SK_vyrobci-768x105.png 768w, https:\/\/klimavex.eu\/sk\/wp-content\/uploads\/2025\/11\/SK_vyrobci-20x3.png 20w, https:\/\/klimavex.eu\/sk\/wp-content\/uploads\/2025\/11\/SK_vyrobci-600x82.png 600w, https:\/\/klimavex.eu\/sk\/wp-content\/uploads\/2025\/11\/SK_vyrobci-150x21.png 150w, https:\/\/klimavex.eu\/sk\/wp-content\/uploads\/2025\/11\/SK_vyrobci.png 1386w\" sizes=\"(max-width: 1024px) 100vw, 1024px\" \/>\t\t\t\t\t\t\t<\/a>\n\t\t\t\t\t<\/div>\n\n\t\t\t\t<\/div>\n\t\t\t\t<\/div>\n\t\t\t\t<div class=\"elementor-element elementor-element-598bf84 elementor-widget elementor-widget-wd_text_block\" data-id=\"598bf84\" data-element_type=\"widget\" data-widget_type=\"wd_text_block.default\">\n\t\t\t\t<div class=\"elementor-widget-container\">\n\t\t\t\t\t<div class=\"wd-text-block reset-last-child text-center\">\n\t\t\t\n\t\t\t<p><em>Zoznam v\u00fdrobcov KLIMAVEX<\/em><\/p>\n\t\t\t\t\t<\/div>\n\t\t\t\t<\/div>\n\t\t\t\t<\/div>\n\t\t\t\t<div class=\"elementor-element elementor-element-3a71f5f elementor-widget-divider--view-line elementor-widget elementor-widget-divider\" data-id=\"3a71f5f\" data-element_type=\"widget\" data-widget_type=\"divider.default\">\n\t\t\t\t<div class=\"elementor-widget-container\">\n\t\t\t\t\t<div class=\"elementor-divider\">\n\t\t\t<span class=\"elementor-divider-separator\">\n\t\t\t\t\t\t<\/span>\n\t\t<\/div>\n\t\t\t\t<\/div>\n\t\t\t\t<\/div>\n\t\t\t\t\t<\/div>\n\t\t\t\t<\/div>\n\t\t<div class=\"wd-negative-gap elementor-element elementor-element-c353b92 e-flex e-con-boxed e-con e-parent\" data-id=\"c353b92\" data-element_type=\"container\">\n\t\t\t\t\t<div class=\"e-con-inner\">\n\t\t<div class=\"elementor-element elementor-element-2bd5cd6 e-con-full e-flex e-con e-child\" data-id=\"2bd5cd6\" data-element_type=\"container\">\n\t\t\t\t<div class=\"elementor-element elementor-element-0cbb017 elementor-widget elementor-widget-wd_text_block\" data-id=\"0cbb017\" data-element_type=\"widget\" data-widget_type=\"wd_text_block.default\">\n\t\t\t\t<div class=\"elementor-widget-container\">\n\t\t\t\t\t<div class=\"wd-text-block reset-last-child text-left\">\n\t\t\t\n\t\t\t<p><u>Komplexn\u00e1 technick\u00e1 a servisn\u00e1 podpora<\/u><\/p><p>KLIMAVEX nielen\u017ee pon\u00faka produkty, ale svojim klientom poskytuje aj <strong>technick\u00fa podporu a servisn\u00e9 slu\u017eby.<\/strong> Mont\u00e1\u017en\u00e9 spolo\u010dnosti, ktor\u00e9 spolupracuj\u00fa s KLIMAVEX, maj\u00fa pr\u00edstup k jeho technick\u00e9mu oddeleniu. Technick\u00ed experti s\u00fa flexibiln\u00ed a dokonale poznaj\u00fa svoje produkty, tak\u017ee s\u00fa pripraven\u00ed V\u00e1m v pr\u00edpade n\u00fadze r\u00fdchlo pom\u00f4c\u0165. Poradenstvo pri v\u00fdbere najvhodnej\u0161ieho rie\u0161enia pre konkr\u00e9tny projekt, uvedenie do prev\u00e1dzky a n\u00e1sledn\u00fd servis, mo\u017enos\u0165 marketingov\u00e9ho poradenstva? \u00c1no! <strong>KLIMAVEX pe\u010duje o partnerov na v\u0161etk\u00fdch \u00farovniach.<\/strong> V\u0161etky slu\u017eby s\u00favisiace s realiz\u00e1ciou syst\u00e9mov HVAC s\u00fa centralizovan\u00e9, \u010do umo\u017e\u0148uje pom\u00e1ha\u0165 partnerom \u0161etri\u0165 \u010das a peniaze. KLIMAVEX je tu pre V\u00e1s, aby ste sa mohli s\u00fastredi\u0165 na samotn\u00fa realiz\u00e1ciu.<\/p><p>Okrem uveden\u00fdch slu\u017eieb KLIMAVEX pravidelne organizuje v Ko\u0161iciach a Bratislave <strong>obchodno-technick\u00e9 \u0161kolenia<\/strong> pre zariadenia v oblasti vykurovania, vetrania aj chladenia. \u00da\u010dastn\u00edci t\u00fdchto \u0161kolen\u00ed z\u00edskavaj\u00fa <strong>certifik\u00e1ty<\/strong>, ktor\u00e9 ich opr\u00e1v\u0148uj\u00fa na in\u0161tal\u00e1ciu pr\u00edslu\u0161n\u00fdch produktov.<\/p>\n\t\t\t\t\t<\/div>\n\t\t\t\t<\/div>\n\t\t\t\t<\/div>\n\t\t\t\t<div class=\"elementor-element elementor-element-fee3c6f elementor-widget-divider--view-line elementor-widget elementor-widget-divider\" data-id=\"fee3c6f\" data-element_type=\"widget\" data-widget_type=\"divider.default\">\n\t\t\t\t<div class=\"elementor-widget-container\">\n\t\t\t\t\t<div class=\"elementor-divider\">\n\t\t\t<span class=\"elementor-divider-separator\">\n\t\t\t\t\t\t<\/span>\n\t\t<\/div>\n\t\t\t\t<\/div>\n\t\t\t\t<\/div>\n\t\t\t\t<div class=\"elementor-element elementor-element-4fca5ec elementor-widget elementor-widget-wd_text_block\" data-id=\"4fca5ec\" data-element_type=\"widget\" data-widget_type=\"wd_text_block.default\">\n\t\t\t\t<div class=\"elementor-widget-container\">\n\t\t\t\t\t<div class=\"wd-text-block reset-last-child text-right\">\n\t\t\t\n\t\t\t<p><em>Obchodno-technick\u00e9 \u0161kolenie v\u00a0Bratislave<\/em><\/p>\n\t\t\t\t\t<\/div>\n\t\t\t\t<\/div>\n\t\t\t\t<\/div>\n\t\t\t\t<\/div>\n\t\t<div class=\"elementor-element elementor-element-725d933 e-con-full e-flex e-con e-child\" data-id=\"725d933\" data-element_type=\"container\">\n\t\t\t\t<div class=\"elementor-element elementor-element-4d1b41d elementor-widget elementor-widget-wd_image_or_svg\" data-id=\"4d1b41d\" data-element_type=\"widget\" data-widget_type=\"wd_image_or_svg.default\">\n\t\t\t\t<div class=\"elementor-widget-container\">\n\t\t\t\n\t\t<div class=\"wd-image text-left\">\n\t\t\t\t\t\t\t\t<img decoding=\"async\" width=\"2048\" height=\"1536\" src=\"https:\/\/klimavex.eu\/sk\/wp-content\/uploads\/2025\/11\/SK_Skoleni-Bratislava.jpg\" class=\"attachment-full size-full\" alt=\"obchodno-technick\u00e9 \u0161kolenie v Bratislave\" srcset=\"https:\/\/klimavex.eu\/sk\/wp-content\/uploads\/2025\/11\/SK_Skoleni-Bratislava.jpg 2048w, https:\/\/klimavex.eu\/sk\/wp-content\/uploads\/2025\/11\/SK_Skoleni-Bratislava-300x225.jpg 300w, https:\/\/klimavex.eu\/sk\/wp-content\/uploads\/2025\/11\/SK_Skoleni-Bratislava-1024x768.jpg 1024w, https:\/\/klimavex.eu\/sk\/wp-content\/uploads\/2025\/11\/SK_Skoleni-Bratislava-768x576.jpg 768w, https:\/\/klimavex.eu\/sk\/wp-content\/uploads\/2025\/11\/SK_Skoleni-Bratislava-1536x1152.jpg 1536w, https:\/\/klimavex.eu\/sk\/wp-content\/uploads\/2025\/11\/SK_Skoleni-Bratislava-20x15.jpg 20w, https:\/\/klimavex.eu\/sk\/wp-content\/uploads\/2025\/11\/SK_Skoleni-Bratislava-600x450.jpg 600w, https:\/\/klimavex.eu\/sk\/wp-content\/uploads\/2025\/11\/SK_Skoleni-Bratislava-150x113.jpg 150w\" sizes=\"(max-width: 2048px) 100vw, 2048px\" \/>\t\t\t\t\t<\/div>\n\n\t\t\t\t<\/div>\n\t\t\t\t<\/div>\n\t\t\t\t<\/div>\n\t\t\t\t\t<\/div>\n\t\t\t\t<\/div>\n\t\t<div class=\"wd-negative-gap elementor-element elementor-element-bd14a5c e-flex e-con-boxed e-con e-parent\" data-id=\"bd14a5c\" data-element_type=\"container\">\n\t\t\t\t\t<div class=\"e-con-inner\">\n\t\t\t\t<div class=\"elementor-element elementor-element-1d7f4ba elementor-widget elementor-widget-wd_text_block\" data-id=\"1d7f4ba\" data-element_type=\"widget\" data-widget_type=\"wd_text_block.default\">\n\t\t\t\t<div class=\"elementor-widget-container\">\n\t\t\t\t\t<div class=\"wd-text-block reset-last-child text-left\">\n\t\t\t\n\t\t\t<p><u>V\u00fdhradn\u00fd distrib\u00fator zna\u010dky Hyundai<\/u><\/p><p>KLIMAVEX je <strong>ofici\u00e1lnym distrib\u00fatorom<\/strong> tepeln\u00fdch \u010derpadiel, klimatiza\u010dn\u00fdch jednotiek, rekupera\u010dn\u00fdch jednotiek a VRF syst\u00e9mov Hyundai v \u010ceskej republike a na Slovensku. Zna\u010dka Hyundai, zn\u00e1ma svojou presnos\u0165ou, odolnos\u0165ou a neust\u00e1lym zav\u00e1dzan\u00edm technologick\u00fdch inov\u00e1ci\u00ed, je ide\u00e1lnou vo\u013ebou pre dod\u00e1vate\u013eov, ktor\u00ed h\u013eadaj\u00fa <strong>vysoko kvalitn\u00e9 a spo\u013eahliv\u00e9 rie\u0161enia<\/strong> <strong>za skvel\u00fa cenu<\/strong> pre svoje projekty. Partnerstvo medzi spolo\u010dnos\u0165ami Hyundai a KLIMAVEX poskytuje na\u0161im z\u00e1kazn\u00edkom <strong>pr\u00edstup k\u00a0najmodernej\u0161\u00edm produktom a technol\u00f3gi\u00e1m,<\/strong> ktor\u00e9 im umo\u017e\u0148uj\u00fa realizova\u0165 projekty s vysok\u00fdmi po\u017eiadavkami na v\u00fdkon a \u00fa\u010dinnos\u0165. Spolo\u010dnos\u0165 KLIMAVEX prev\u00e1dzkuje aj webov\u00fa str\u00e1nku <a href=\"https:\/\/hyundai.eu.com\/sk\"><strong>https:\/\/hyundai.eu.com\/sk<\/strong><\/a>, kde n\u00e1jdete podrobn\u00fa prezent\u00e1ciu tejto zna\u010dky.<\/p><p>Pre tepeln\u00e9 \u010derpadl\u00e1 zna\u010dky Hyundai spustil KLIMAVEX <strong>servisn\u00fa sie\u0165<\/strong>, prostredn\u00edctvom ktorej <strong>preber\u00e1 zodpovednos\u0165 za 5-ro\u010dn\u00fa z\u00e1ruku<\/strong>. T\u00fdmto sp\u00f4sobom garantuje svojim servisn\u00fdm partnerom <strong>platbu za vykonan\u00e9 servisn\u00e9 \u00falohy<\/strong> a in\u0161tala\u010dn\u00fdm partnerom <strong>zjednodu\u0161uje administrat\u00edvu<\/strong> oh\u013eadom reklam\u00e1ci\u00ed a komunik\u00e1cie so z\u00e1kazn\u00edkmi \u2013 aj prostredn\u00edctvom IT syst\u00e9mu <strong>HyServiceNet<\/strong>. Viac inform\u00e1ci\u00ed o tejto servisnej sieti <a href=\"https:\/\/hyundai.eu.com\/sk\/blog\/servisna-siet-hyundai-istota-prace-istota-podpory\"><strong>n\u00e1jdete tu<\/strong><\/a>.<\/p>\n\t\t\t\t\t<\/div>\n\t\t\t\t<\/div>\n\t\t\t\t<\/div>\n\t\t\t\t<div class=\"elementor-element elementor-element-39e37e4 elementor-widget elementor-widget-wd_image_or_svg\" data-id=\"39e37e4\" data-element_type=\"widget\" data-widget_type=\"wd_image_or_svg.default\">\n\t\t\t\t<div class=\"elementor-widget-container\">\n\t\t\t\n\t\t<div class=\"wd-image text-left\">\n\t\t\t\t\t\t\t<a  href=\"https:\/\/hyundai.eu.com\/sk\" aria-label=\"Image link\">\n\t\t\t\t\t\t\t\t<img loading=\"lazy\" decoding=\"async\" width=\"1383\" height=\"486\" src=\"https:\/\/klimavex.eu\/sk\/wp-content\/uploads\/2025\/11\/SK_instalace-produktu.png\" class=\"attachment-full size-full\" alt=\"in\u0161tal\u00e1cia produktov hyundai\" srcset=\"https:\/\/klimavex.eu\/sk\/wp-content\/uploads\/2025\/11\/SK_instalace-produktu.png 1383w, https:\/\/klimavex.eu\/sk\/wp-content\/uploads\/2025\/11\/SK_instalace-produktu-300x105.png 300w, https:\/\/klimavex.eu\/sk\/wp-content\/uploads\/2025\/11\/SK_instalace-produktu-1024x360.png 1024w, https:\/\/klimavex.eu\/sk\/wp-content\/uploads\/2025\/11\/SK_instalace-produktu-768x270.png 768w, https:\/\/klimavex.eu\/sk\/wp-content\/uploads\/2025\/11\/SK_instalace-produktu-20x7.png 20w, https:\/\/klimavex.eu\/sk\/wp-content\/uploads\/2025\/11\/SK_instalace-produktu-600x211.png 600w, https:\/\/klimavex.eu\/sk\/wp-content\/uploads\/2025\/11\/SK_instalace-produktu-150x53.png 150w\" sizes=\"(max-width: 1383px) 100vw, 1383px\" \/>\t\t\t\t\t\t\t<\/a>\n\t\t\t\t\t<\/div>\n\n\t\t\t\t<\/div>\n\t\t\t\t<\/div>\n\t\t\t\t<div class=\"elementor-element elementor-element-49e5260 elementor-widget-divider--view-line elementor-widget elementor-widget-divider\" data-id=\"49e5260\" data-element_type=\"widget\" data-widget_type=\"divider.default\">\n\t\t\t\t<div class=\"elementor-widget-container\">\n\t\t\t\t\t<div class=\"elementor-divider\">\n\t\t\t<span class=\"elementor-divider-separator\">\n\t\t\t\t\t\t<\/span>\n\t\t<\/div>\n\t\t\t\t<\/div>\n\t\t\t\t<\/div>\n\t\t\t\t\t<\/div>\n\t\t\t\t<\/div>\n\t\t<div class=\"wd-negative-gap elementor-element elementor-element-1f1925c e-flex e-con-boxed e-con e-parent\" data-id=\"1f1925c\" data-element_type=\"container\">\n\t\t\t\t\t<div class=\"e-con-inner\">\n\t\t<div class=\"elementor-element elementor-element-adae20e e-con-full e-flex e-con e-child\" data-id=\"adae20e\" data-element_type=\"container\">\n\t\t\t\t<div class=\"elementor-element elementor-element-c7fe5ca elementor-widget elementor-widget-wd_image_or_svg\" data-id=\"c7fe5ca\" data-element_type=\"widget\" data-widget_type=\"wd_image_or_svg.default\">\n\t\t\t\t<div class=\"elementor-widget-container\">\n\t\t\t\n\t\t<div class=\"wd-image text-left\">\n\t\t\t\t\t\t\t<a  href=\"https:\/\/klimavex.eu\/sk\" aria-label=\"Image link\">\n\t\t\t\t\t\t\t\t<img loading=\"lazy\" decoding=\"async\" width=\"1875\" height=\"1022\" src=\"https:\/\/klimavex.eu\/sk\/wp-content\/uploads\/2025\/11\/SK_web.png\" class=\"attachment-full size-full\" alt=\"domovsk\u00e1 str\u00e1nka webovej str\u00e1nky KLIMAVEX\" srcset=\"https:\/\/klimavex.eu\/sk\/wp-content\/uploads\/2025\/11\/SK_web.png 1875w, https:\/\/klimavex.eu\/sk\/wp-content\/uploads\/2025\/11\/SK_web-300x164.png 300w, https:\/\/klimavex.eu\/sk\/wp-content\/uploads\/2025\/11\/SK_web-1024x558.png 1024w, https:\/\/klimavex.eu\/sk\/wp-content\/uploads\/2025\/11\/SK_web-768x419.png 768w, https:\/\/klimavex.eu\/sk\/wp-content\/uploads\/2025\/11\/SK_web-1536x837.png 1536w, https:\/\/klimavex.eu\/sk\/wp-content\/uploads\/2025\/11\/SK_web-20x11.png 20w, https:\/\/klimavex.eu\/sk\/wp-content\/uploads\/2025\/11\/SK_web-600x327.png 600w, https:\/\/klimavex.eu\/sk\/wp-content\/uploads\/2025\/11\/SK_web-150x82.png 150w\" sizes=\"(max-width: 1875px) 100vw, 1875px\" \/>\t\t\t\t\t\t\t<\/a>\n\t\t\t\t\t<\/div>\n\n\t\t\t\t<\/div>\n\t\t\t\t<\/div>\n\t\t\t\t<\/div>\n\t\t<div class=\"elementor-element elementor-element-c31f39f e-con-full e-flex e-con e-child\" data-id=\"c31f39f\" data-element_type=\"container\">\n\t\t\t\t<div class=\"elementor-element elementor-element-64c0f16 elementor-widget elementor-widget-wd_text_block\" data-id=\"64c0f16\" data-element_type=\"widget\" data-widget_type=\"wd_text_block.default\">\n\t\t\t\t<div class=\"elementor-widget-container\">\n\t\t\t\t\t<div class=\"wd-text-block reset-last-child text-left\">\n\t\t\t\n\t\t\t<p><u>Modern\u00e9 webov\u00e9 str\u00e1nky<\/u><\/p><p><strong>Kompletn\u00e9 portf\u00f3lio KLIMAVEX s technickou dokument\u00e1ciou a katal\u00f3gmi od na\u0161ich v\u00fdrobcov<\/strong>, alebo aj <strong>kontaktn\u00fdmi \u00fadajmi<\/strong> zamestnancov \u2013 v\u0161etky d\u00f4le\u017eit\u00e9 inform\u00e1cie n\u00e1jdete na jednom mieste na na\u0161om <a href=\"https:\/\/klimavex.eu\/sk\/\"><strong>preh\u013eadnom webe<\/strong><\/a>. Tu n\u00e1jdete cenn\u00edky, m\u00f4\u017eete vyu\u017ei\u0165 sekciu \u201ePorad\u00edme V\u00e1m s\u00a0v\u00fdberom\u201c, pre\u010d\u00edta\u0165 si z\u00e1kladn\u00e9 inform\u00e1cie o produktoch alebo priamo zada\u0165 objedn\u00e1vku. <strong>B2B Partnersk\u00e1 z\u00f3na <\/strong>je nevyhnutn\u00e1 pre B2B partnerov KLIMAVEX \u2013 tu m\u00f4\u017eu n\u00e1js\u0165 a spravova\u0165 svoje objedn\u00e1vky alebo si prezrie\u0165 \u0161peci\u00e1lne ponuky. Moment\u00e1lne sa pripravuje posunutie tejto z\u00f3ny B2B na e\u0161te vy\u0161\u0161iu \u00farove\u0148. Z\u00e1kazn\u00edci si tu, okrem in\u00e9ho, \u200b\u200bbud\u00fa m\u00f4c\u0165 zobrazi\u0165 svoje ve\u013ekoobchodn\u00e9 ceny a rovno za nich objedn\u00e1va\u0165.<\/p>\n\t\t\t\t\t<\/div>\n\t\t\t\t<\/div>\n\t\t\t\t<\/div>\n\t\t\t\t<div class=\"elementor-element elementor-element-734b62c elementor-widget-divider--view-line elementor-widget elementor-widget-divider\" data-id=\"734b62c\" data-element_type=\"widget\" data-widget_type=\"divider.default\">\n\t\t\t\t<div class=\"elementor-widget-container\">\n\t\t\t\t\t<div class=\"elementor-divider\">\n\t\t\t<span class=\"elementor-divider-separator\">\n\t\t\t\t\t\t<\/span>\n\t\t<\/div>\n\t\t\t\t<\/div>\n\t\t\t\t<\/div>\n\t\t\t\t<div class=\"elementor-element elementor-element-458be43 elementor-widget elementor-widget-wd_text_block\" data-id=\"458be43\" data-element_type=\"widget\" data-widget_type=\"wd_text_block.default\">\n\t\t\t\t<div class=\"elementor-widget-container\">\n\t\t\t\t\t<div class=\"wd-text-block reset-last-child text-left\">\n\t\t\t\n\t\t\t<p><em>\u00davodn\u00e1 str\u00e1nka webovej str\u00e1nky KLIMAVEX<\/em><\/p>\n\t\t\t\t\t<\/div>\n\t\t\t\t<\/div>\n\t\t\t\t<\/div>\n\t\t\t\t<\/div>\n\t\t\t\t\t<\/div>\n\t\t\t\t<\/div>\n\t\t<div class=\"wd-negative-gap elementor-element elementor-element-2a4b0dc e-flex e-con-boxed e-con e-parent\" data-id=\"2a4b0dc\" data-element_type=\"container\">\n\t\t\t\t\t<div class=\"e-con-inner\">\n\t\t\t\t<div class=\"elementor-element elementor-element-08e658e elementor-widget-divider--view-line elementor-widget elementor-widget-divider\" data-id=\"08e658e\" data-element_type=\"widget\" data-widget_type=\"divider.default\">\n\t\t\t\t<div class=\"elementor-widget-container\">\n\t\t\t\t\t<div class=\"elementor-divider\">\n\t\t\t<span class=\"elementor-divider-separator\">\n\t\t\t\t\t\t<\/span>\n\t\t<\/div>\n\t\t\t\t<\/div>\n\t\t\t\t<\/div>\n\t\t\t\t<div class=\"elementor-element elementor-element-fe3c83a elementor-widget elementor-widget-wd_text_block\" data-id=\"fe3c83a\" data-element_type=\"widget\" data-widget_type=\"wd_text_block.default\">\n\t\t\t\t<div class=\"elementor-widget-container\">\n\t\t\t\t\t<div class=\"wd-text-block reset-last-child text-left\">\n\t\t\t\n\t\t\t<p><u>KLIMAVEX pon\u00faka svojim partnerom:<\/u><\/p><ul><li><strong>\u0160irok\u00fa \u0161k\u00e1lu produktov HVAC <\/strong>pre v\u0161etky typy projektov<\/li><li><strong>Komplexn\u00fa technick\u00fa podporu <\/strong>pri v\u00fdbere a navrhovan\u00ed rie\u0161en\u00ed<\/li><li><strong>Servisn\u00fa podporu <\/strong>pre hladk\u00fa in\u0161tal\u00e1ciu, uvedenie do prev\u00e1dzky a \u00fadr\u017ebu zariaden\u00ed<\/li><li><strong>Kvalitn\u00e9 poradenstvo a individu\u00e1lny pr\u00edstup <\/strong>ku ka\u017ed\u00e9mu projektu a z\u00e1kazn\u00edkovi<\/li><li><strong>Preh\u013eadn\u00e9 webov\u00e9 str\u00e1nky <\/strong>s B2B z\u00f3nou pre r\u00fdchly pr\u00edstup k\u00a0inform\u00e1ci\u00e1m<\/li><\/ul><p>Tieto body s\u00fa tie\u017e zhrnut\u00e9 v misii spolo\u010dnosti KLIMAVEX:<strong> Pon\u00faknu\u0165 na\u0161im partnerom\u00a0komplexn\u00e9 poradenstvo, starostlivos\u0165 a \u0161pi\u010dkov\u00fd sortiment\u00a0pre ak\u00fdko\u013evek ich projekt.<\/strong><\/p><p>KLIMAVEX je preto ide\u00e1lnym partnerom pre realiza\u010dn\u00e9 firmy, ktor\u00e9 h\u013eadaj\u00fa komplexn\u00e9 a efekt\u00edvne rie\u0161enia v oblasti HVAC. Je to vo\u013eba \u010d\u00edslo jedna pre spolo\u010dnosti, ktor\u00e9 sa chc\u00fa zamera\u0165 na kvalitn\u00fa a\u00a0bezprobl\u00e9mov\u00fa in\u0161tal\u00e1ciu syst\u00e9mov vykurovania, vetrania a chladenia.<\/p><p>Chcete sa sta\u0165 na\u0161\u00edm partnerom? Zaregistrujte sa do na\u0161ej <a href=\"https:\/\/klimavex.eu\/sk\/partnerska-zona\/\"><strong>partnerskej z\u00f3ny TU.<\/strong><\/a><\/p>\n\t\t\t\t\t<\/div>\n\t\t\t\t<\/div>\n\t\t\t\t<\/div>\n\t\t\t\t\t<\/div>\n\t\t\t\t<\/div>\n\t\t\t\t<\/div>\n\t\t","protected":false},"excerpt":{"rendered":"<p>KLIMAVEX: spo\u013eahliv\u00fd partner pre v\u0161etky Va\u0161e projekty Spolo\u010dnos\u0165 KLIMAVEX p\u00f4sob\u00ed u\u017e viac ako 30 rokov ako ve\u013ekoobchodn\u00fd dod\u00e1vate\u013e HVAC produktov<\/p>\n","protected":false},"author":3,"featured_media":502322,"comment_status":"open","ping_status":"closed","sticky":false,"template":"","format":"standard","meta":{"footnotes":""},"categories":[178,2629,2697,2698,2699,2700],"tags":[5495,5496,5497,5498,5499,5500],"class_list":["post-502321","post","type-post","status-publish","format-standard","has-post-thumbnail","hentry","category-novinky","category-ventilatory","category-tepelne-cerpadla","category-klimatizacie","category-rekuperacne-jednotky","category-odvlhcovace","tag-ventilatory-blog","tag-rekuperacie-blog","tag-klimatizacie-blog","tag-odvlhcovace-blog","tag-novinky-blog","tag-tepelne-cerpadla-blog"],"yoast_head":"<!-- This site is optimized with the Yoast SEO plugin v23.9 - https:\/\/yoast.com\/wordpress\/plugins\/seo\/ -->\n<title>Komplexn\u00e9 slu\u017eby KLIMAVEX - KLIMAVEX GROUP - Slovensko<\/title>\n<meta name=\"description\" content=\"Dod\u00e1vate\u013e HVAC produktov , spolo\u010dnos\u0165 KLIMAVEX, je spo\u013eahliv\u00fdm partnerom pre v\u0161etky typy vetrac\u00edch a tepeln\u00fdch \u010derpadiel.\" \/>\n<meta name=\"robots\" content=\"index, follow, max-snippet:-1, max-image-preview:large, max-video-preview:-1\" \/>\n<link rel=\"canonical\" href=\"https:\/\/klimavex.eu\/sk\/komplexne-sluzby-klimavex\/\" \/>\n<meta property=\"og:locale\" content=\"sk_SK\" \/>\n<meta property=\"og:type\" content=\"article\" \/>\n<meta property=\"og:title\" content=\"Komplexn\u00e9 slu\u017eby KLIMAVEX - KLIMAVEX GROUP - Slovensko\" \/>\n<meta property=\"og:description\" content=\"Dod\u00e1vate\u013e HVAC produktov , spolo\u010dnos\u0165 KLIMAVEX, je spo\u013eahliv\u00fdm partnerom pre v\u0161etky typy vetrac\u00edch a tepeln\u00fdch \u010derpadiel.\" \/>\n<meta property=\"og:url\" content=\"https:\/\/klimavex.eu\/sk\/komplexne-sluzby-klimavex\/\" \/>\n<meta property=\"og:site_name\" content=\"KLIMAVEX GROUP - Slovensko\" \/>\n<meta property=\"article:publisher\" content=\"https:\/\/www.facebook.com\/klimavex\" \/>\n<meta property=\"article:published_time\" content=\"2025-11-27T11:17:36+00:00\" \/>\n<meta property=\"article:modified_time\" content=\"2025-11-27T13:52:49+00:00\" \/>\n<meta property=\"og:image\" content=\"https:\/\/klimavex.eu\/sk\/wp-content\/uploads\/2025\/11\/SK.png\" \/>\n\t<meta property=\"og:image:width\" content=\"1280\" \/>\n\t<meta property=\"og:image:height\" content=\"720\" \/>\n\t<meta property=\"og:image:type\" content=\"image\/png\" \/>\n<meta name=\"author\" content=\"Marketing KLIMAVEX\" \/>\n<meta name=\"twitter:card\" content=\"summary_large_image\" \/>\n<meta name=\"twitter:label1\" content=\"Autor\" \/>\n\t<meta name=\"twitter:data1\" content=\"Marketing KLIMAVEX\" \/>\n\t<meta name=\"twitter:label2\" content=\"Predpokladan\u00fd \u010das \u010d\u00edtania\" \/>\n\t<meta name=\"twitter:data2\" content=\"5 min\u00fat\" \/>\n<script type=\"application\/ld+json\" class=\"yoast-schema-graph\">{\"@context\":\"https:\/\/schema.org\",\"@graph\":[{\"@type\":\"Article\",\"@id\":\"https:\/\/klimavex.eu\/sk\/komplexne-sluzby-klimavex\/#article\",\"isPartOf\":{\"@id\":\"https:\/\/klimavex.eu\/sk\/komplexne-sluzby-klimavex\/\"},\"author\":{\"name\":\"Marketing KLIMAVEX\",\"@id\":\"https:\/\/klimavex.eu\/sk\/#\/schema\/person\/cc2a600b3594b9e87de11815cbebb8d0\"},\"headline\":\"Komplexn\u00e9 slu\u017eby KLIMAVEX\",\"datePublished\":\"2025-11-27T11:17:36+00:00\",\"dateModified\":\"2025-11-27T13:52:49+00:00\",\"mainEntityOfPage\":{\"@id\":\"https:\/\/klimavex.eu\/sk\/komplexne-sluzby-klimavex\/\"},\"wordCount\":942,\"commentCount\":0,\"publisher\":{\"@id\":\"https:\/\/klimavex.eu\/sk\/#organization\"},\"image\":{\"@id\":\"https:\/\/klimavex.eu\/sk\/komplexne-sluzby-klimavex\/#primaryimage\"},\"thumbnailUrl\":\"https:\/\/klimavex.eu\/sk\/wp-content\/uploads\/2025\/11\/SK.png\",\"keywords\":[\"Ventilatory-blog\",\"Rekuper\u00e1cie - blog\",\"Klimatiz\u00e1cie - blog\",\"Odvlh\u010dova\u010de - blog\",\"Novinky - blog\",\"Tepeln\u00e9 \u010derpadl\u00e1 - blog\"],\"articleSection\":[\"Novinky\",\"Ventil\u00e1tory\",\"Tepeln\u00e9 \u010derpadl\u00e1\",\"Klimatiz\u00e1cie\",\"Rekupera\u010dn\u00e9 jednotky\",\"Odvlh\u010dova\u010de\"],\"inLanguage\":\"sk-SK\",\"potentialAction\":[{\"@type\":\"CommentAction\",\"name\":\"Comment\",\"target\":[\"https:\/\/klimavex.eu\/sk\/komplexne-sluzby-klimavex\/#respond\"]}]},{\"@type\":\"WebPage\",\"@id\":\"https:\/\/klimavex.eu\/sk\/komplexne-sluzby-klimavex\/\",\"url\":\"https:\/\/klimavex.eu\/sk\/komplexne-sluzby-klimavex\/\",\"name\":\"Komplexn\u00e9 slu\u017eby KLIMAVEX - KLIMAVEX GROUP - Slovensko\",\"isPartOf\":{\"@id\":\"https:\/\/klimavex.eu\/sk\/#website\"},\"primaryImageOfPage\":{\"@id\":\"https:\/\/klimavex.eu\/sk\/komplexne-sluzby-klimavex\/#primaryimage\"},\"image\":{\"@id\":\"https:\/\/klimavex.eu\/sk\/komplexne-sluzby-klimavex\/#primaryimage\"},\"thumbnailUrl\":\"https:\/\/klimavex.eu\/sk\/wp-content\/uploads\/2025\/11\/SK.png\",\"datePublished\":\"2025-11-27T11:17:36+00:00\",\"dateModified\":\"2025-11-27T13:52:49+00:00\",\"description\":\"Dod\u00e1vate\u013e HVAC produktov , spolo\u010dnos\u0165 KLIMAVEX, je spo\u013eahliv\u00fdm partnerom pre v\u0161etky typy vetrac\u00edch a tepeln\u00fdch \u010derpadiel.\",\"breadcrumb\":{\"@id\":\"https:\/\/klimavex.eu\/sk\/komplexne-sluzby-klimavex\/#breadcrumb\"},\"inLanguage\":\"sk-SK\",\"potentialAction\":[{\"@type\":\"ReadAction\",\"target\":[\"https:\/\/klimavex.eu\/sk\/komplexne-sluzby-klimavex\/\"]}]},{\"@type\":\"ImageObject\",\"inLanguage\":\"sk-SK\",\"@id\":\"https:\/\/klimavex.eu\/sk\/komplexne-sluzby-klimavex\/#primaryimage\",\"url\":\"https:\/\/klimavex.eu\/sk\/wp-content\/uploads\/2025\/11\/SK.png\",\"contentUrl\":\"https:\/\/klimavex.eu\/sk\/wp-content\/uploads\/2025\/11\/SK.png\",\"width\":1280,\"height\":720},{\"@type\":\"BreadcrumbList\",\"@id\":\"https:\/\/klimavex.eu\/sk\/komplexne-sluzby-klimavex\/#breadcrumb\",\"itemListElement\":[{\"@type\":\"ListItem\",\"position\":1,\"name\":\"Domovsk\u00e1 str\u00e1nka\",\"item\":\"https:\/\/klimavex.eu\/sk\/\"},{\"@type\":\"ListItem\",\"position\":2,\"name\":\"Komplexn\u00e9 slu\u017eby KLIMAVEX\"}]},{\"@type\":\"WebSite\",\"@id\":\"https:\/\/klimavex.eu\/sk\/#website\",\"url\":\"https:\/\/klimavex.eu\/sk\/\",\"name\":\"KLIMAVEX GROUP - Slovensko\",\"description\":\"\",\"publisher\":{\"@id\":\"https:\/\/klimavex.eu\/sk\/#organization\"},\"alternateName\":\"KLIMAVEX a.s.\",\"potentialAction\":[{\"@type\":\"SearchAction\",\"target\":{\"@type\":\"EntryPoint\",\"urlTemplate\":\"https:\/\/klimavex.eu\/sk\/?s={search_term_string}\"},\"query-input\":{\"@type\":\"PropertyValueSpecification\",\"valueRequired\":true,\"valueName\":\"search_term_string\"}}],\"inLanguage\":\"sk-SK\"},{\"@type\":\"Organization\",\"@id\":\"https:\/\/klimavex.eu\/sk\/#organization\",\"name\":\"KLIMAVEX GROUP\",\"alternateName\":\"KLIMAVEX a.s.\",\"url\":\"https:\/\/klimavex.eu\/sk\/\",\"logo\":{\"@type\":\"ImageObject\",\"inLanguage\":\"sk-SK\",\"@id\":\"https:\/\/klimavex.eu\/sk\/#\/schema\/logo\/image\/\",\"url\":\"https:\/\/klimavex.eu\/sk\/wp-content\/uploads\/2024\/04\/Klimavex-Group-logo.png\",\"contentUrl\":\"https:\/\/klimavex.eu\/sk\/wp-content\/uploads\/2024\/04\/Klimavex-Group-logo.png\",\"width\":1681,\"height\":472,\"caption\":\"KLIMAVEX GROUP\"},\"image\":{\"@id\":\"https:\/\/klimavex.eu\/sk\/#\/schema\/logo\/image\/\"},\"sameAs\":[\"https:\/\/www.facebook.com\/klimavex\",\"https:\/\/www.instagram.com\/klimavex_sk\/\"]},{\"@type\":\"Person\",\"@id\":\"https:\/\/klimavex.eu\/sk\/#\/schema\/person\/cc2a600b3594b9e87de11815cbebb8d0\",\"name\":\"Marketing KLIMAVEX\",\"image\":{\"@type\":\"ImageObject\",\"inLanguage\":\"sk-SK\",\"@id\":\"https:\/\/klimavex.eu\/sk\/#\/schema\/person\/image\/\",\"url\":\"https:\/\/secure.gravatar.com\/avatar\/2cc1346e28b0694ade418b5d722c3b0c?s=96&d=mm&r=g\",\"contentUrl\":\"https:\/\/secure.gravatar.com\/avatar\/2cc1346e28b0694ade418b5d722c3b0c?s=96&d=mm&r=g\",\"caption\":\"Marketing KLIMAVEX\"},\"url\":\"https:\/\/klimavex.eu\/sk\/author\/marketing\/\"}]}<\/script>\n<!-- \/ Yoast SEO plugin. -->","yoast_head_json":{"title":"Komplexn\u00e9 slu\u017eby KLIMAVEX - KLIMAVEX GROUP - Slovensko","description":"Dod\u00e1vate\u013e HVAC produktov , spolo\u010dnos\u0165 KLIMAVEX, je spo\u013eahliv\u00fdm partnerom pre v\u0161etky typy vetrac\u00edch a tepeln\u00fdch \u010derpadiel.","robots":{"index":"index","follow":"follow","max-snippet":"max-snippet:-1","max-image-preview":"max-image-preview:large","max-video-preview":"max-video-preview:-1"},"canonical":"https:\/\/klimavex.eu\/sk\/komplexne-sluzby-klimavex\/","og_locale":"sk_SK","og_type":"article","og_title":"Komplexn\u00e9 slu\u017eby KLIMAVEX - KLIMAVEX GROUP - Slovensko","og_description":"Dod\u00e1vate\u013e HVAC produktov , spolo\u010dnos\u0165 KLIMAVEX, je spo\u013eahliv\u00fdm partnerom pre v\u0161etky typy vetrac\u00edch a tepeln\u00fdch \u010derpadiel.","og_url":"https:\/\/klimavex.eu\/sk\/komplexne-sluzby-klimavex\/","og_site_name":"KLIMAVEX GROUP - Slovensko","article_publisher":"https:\/\/www.facebook.com\/klimavex","article_published_time":"2025-11-27T11:17:36+00:00","article_modified_time":"2025-11-27T13:52:49+00:00","og_image":[{"width":1280,"height":720,"url":"https:\/\/klimavex.eu\/sk\/wp-content\/uploads\/2025\/11\/SK.png","type":"image\/png"}],"author":"Marketing KLIMAVEX","twitter_card":"summary_large_image","twitter_misc":{"Autor":"Marketing KLIMAVEX","Predpokladan\u00fd \u010das \u010d\u00edtania":"5 min\u00fat"},"schema":{"@context":"https:\/\/schema.org","@graph":[{"@type":"Article","@id":"https:\/\/klimavex.eu\/sk\/komplexne-sluzby-klimavex\/#article","isPartOf":{"@id":"https:\/\/klimavex.eu\/sk\/komplexne-sluzby-klimavex\/"},"author":{"name":"Marketing KLIMAVEX","@id":"https:\/\/klimavex.eu\/sk\/#\/schema\/person\/cc2a600b3594b9e87de11815cbebb8d0"},"headline":"Komplexn\u00e9 slu\u017eby KLIMAVEX","datePublished":"2025-11-27T11:17:36+00:00","dateModified":"2025-11-27T13:52:49+00:00","mainEntityOfPage":{"@id":"https:\/\/klimavex.eu\/sk\/komplexne-sluzby-klimavex\/"},"wordCount":942,"commentCount":0,"publisher":{"@id":"https:\/\/klimavex.eu\/sk\/#organization"},"image":{"@id":"https:\/\/klimavex.eu\/sk\/komplexne-sluzby-klimavex\/#primaryimage"},"thumbnailUrl":"https:\/\/klimavex.eu\/sk\/wp-content\/uploads\/2025\/11\/SK.png","keywords":["Ventilatory-blog","Rekuper\u00e1cie - blog","Klimatiz\u00e1cie - blog","Odvlh\u010dova\u010de - blog","Novinky - blog","Tepeln\u00e9 \u010derpadl\u00e1 - blog"],"articleSection":["Novinky","Ventil\u00e1tory","Tepeln\u00e9 \u010derpadl\u00e1","Klimatiz\u00e1cie","Rekupera\u010dn\u00e9 jednotky","Odvlh\u010dova\u010de"],"inLanguage":"sk-SK","potentialAction":[{"@type":"CommentAction","name":"Comment","target":["https:\/\/klimavex.eu\/sk\/komplexne-sluzby-klimavex\/#respond"]}]},{"@type":"WebPage","@id":"https:\/\/klimavex.eu\/sk\/komplexne-sluzby-klimavex\/","url":"https:\/\/klimavex.eu\/sk\/komplexne-sluzby-klimavex\/","name":"Komplexn\u00e9 slu\u017eby KLIMAVEX - KLIMAVEX GROUP - Slovensko","isPartOf":{"@id":"https:\/\/klimavex.eu\/sk\/#website"},"primaryImageOfPage":{"@id":"https:\/\/klimavex.eu\/sk\/komplexne-sluzby-klimavex\/#primaryimage"},"image":{"@id":"https:\/\/klimavex.eu\/sk\/komplexne-sluzby-klimavex\/#primaryimage"},"thumbnailUrl":"https:\/\/klimavex.eu\/sk\/wp-content\/uploads\/2025\/11\/SK.png","datePublished":"2025-11-27T11:17:36+00:00","dateModified":"2025-11-27T13:52:49+00:00","description":"Dod\u00e1vate\u013e HVAC produktov , spolo\u010dnos\u0165 KLIMAVEX, je spo\u013eahliv\u00fdm partnerom pre v\u0161etky typy vetrac\u00edch a tepeln\u00fdch \u010derpadiel.","breadcrumb":{"@id":"https:\/\/klimavex.eu\/sk\/komplexne-sluzby-klimavex\/#breadcrumb"},"inLanguage":"sk-SK","potentialAction":[{"@type":"ReadAction","target":["https:\/\/klimavex.eu\/sk\/komplexne-sluzby-klimavex\/"]}]},{"@type":"ImageObject","inLanguage":"sk-SK","@id":"https:\/\/klimavex.eu\/sk\/komplexne-sluzby-klimavex\/#primaryimage","url":"https:\/\/klimavex.eu\/sk\/wp-content\/uploads\/2025\/11\/SK.png","contentUrl":"https:\/\/klimavex.eu\/sk\/wp-content\/uploads\/2025\/11\/SK.png","width":1280,"height":720},{"@type":"BreadcrumbList","@id":"https:\/\/klimavex.eu\/sk\/komplexne-sluzby-klimavex\/#breadcrumb","itemListElement":[{"@type":"ListItem","position":1,"name":"Domovsk\u00e1 str\u00e1nka","item":"https:\/\/klimavex.eu\/sk\/"},{"@type":"ListItem","position":2,"name":"Komplexn\u00e9 slu\u017eby KLIMAVEX"}]},{"@type":"WebSite","@id":"https:\/\/klimavex.eu\/sk\/#website","url":"https:\/\/klimavex.eu\/sk\/","name":"KLIMAVEX GROUP - Slovensko","description":"","publisher":{"@id":"https:\/\/klimavex.eu\/sk\/#organization"},"alternateName":"KLIMAVEX a.s.","potentialAction":[{"@type":"SearchAction","target":{"@type":"EntryPoint","urlTemplate":"https:\/\/klimavex.eu\/sk\/?s={search_term_string}"},"query-input":{"@type":"PropertyValueSpecification","valueRequired":true,"valueName":"search_term_string"}}],"inLanguage":"sk-SK"},{"@type":"Organization","@id":"https:\/\/klimavex.eu\/sk\/#organization","name":"KLIMAVEX GROUP","alternateName":"KLIMAVEX a.s.","url":"https:\/\/klimavex.eu\/sk\/","logo":{"@type":"ImageObject","inLanguage":"sk-SK","@id":"https:\/\/klimavex.eu\/sk\/#\/schema\/logo\/image\/","url":"https:\/\/klimavex.eu\/sk\/wp-content\/uploads\/2024\/04\/Klimavex-Group-logo.png","contentUrl":"https:\/\/klimavex.eu\/sk\/wp-content\/uploads\/2024\/04\/Klimavex-Group-logo.png","width":1681,"height":472,"caption":"KLIMAVEX GROUP"},"image":{"@id":"https:\/\/klimavex.eu\/sk\/#\/schema\/logo\/image\/"},"sameAs":["https:\/\/www.facebook.com\/klimavex","https:\/\/www.instagram.com\/klimavex_sk\/"]},{"@type":"Person","@id":"https:\/\/klimavex.eu\/sk\/#\/schema\/person\/cc2a600b3594b9e87de11815cbebb8d0","name":"Marketing KLIMAVEX","image":{"@type":"ImageObject","inLanguage":"sk-SK","@id":"https:\/\/klimavex.eu\/sk\/#\/schema\/person\/image\/","url":"https:\/\/secure.gravatar.com\/avatar\/2cc1346e28b0694ade418b5d722c3b0c?s=96&d=mm&r=g","contentUrl":"https:\/\/secure.gravatar.com\/avatar\/2cc1346e28b0694ade418b5d722c3b0c?s=96&d=mm&r=g","caption":"Marketing KLIMAVEX"},"url":"https:\/\/klimavex.eu\/sk\/author\/marketing\/"}]}},"_links":{"self":[{"href":"https:\/\/klimavex.eu\/sk\/wp-json\/wp\/v2\/posts\/502321","targetHints":{"allow":["GET"]}}],"collection":[{"href":"https:\/\/klimavex.eu\/sk\/wp-json\/wp\/v2\/posts"}],"about":[{"href":"https:\/\/klimavex.eu\/sk\/wp-json\/wp\/v2\/types\/post"}],"author":[{"embeddable":true,"href":"https:\/\/klimavex.eu\/sk\/wp-json\/wp\/v2\/users\/3"}],"replies":[{"embeddable":true,"href":"https:\/\/klimavex.eu\/sk\/wp-json\/wp\/v2\/comments?post=502321"}],"version-history":[{"count":0,"href":"https:\/\/klimavex.eu\/sk\/wp-json\/wp\/v2\/posts\/502321\/revisions"}],"wp:featuredmedia":[{"embeddable":true,"href":"https:\/\/klimavex.eu\/sk\/wp-json\/wp\/v2\/media\/502322"}],"wp:attachment":[{"href":"https:\/\/klimavex.eu\/sk\/wp-json\/wp\/v2\/media?parent=502321"}],"wp:term":[{"taxonomy":"category","embeddable":true,"href":"https:\/\/klimavex.eu\/sk\/wp-json\/wp\/v2\/categories?post=502321"},{"taxonomy":"post_tag","embeddable":true,"href":"https:\/\/klimavex.eu\/sk\/wp-json\/wp\/v2\/tags?post=502321"}],"curies":[{"name":"wp","href":"https:\/\/api.w.org\/{rel}","templated":true}]}}